{"id":84559,"date":"2026-09-03T15:51:59","date_gmt":"2026-09-03T21:51:59","guid":{"rendered":"https:\/\/labestiapolitica.com.mx\/?p=84559"},"modified":"2026-09-03T15:51:59","modified_gmt":"2026-09-03T21:51:59","slug":"presenta-anabell-avalos-denuncia-ante-la-fgr-por-presunto-uso-electoral-de-casa-de-gobierno","status":"publish","type":"post","link":"https:\/\/labestiapolitica.com.mx\/?p=84559","title":{"rendered":"Presenta Anabell \u00c1valos denuncia ante la FGR por presunto uso electoral de Casa de Gobierno."},"content":{"rendered":"<ul>\n<li style=\"text-align: justify;\">La senadora priista advirti\u00f3 que los tlaxcaltecas merecen respuestas, transparencia y legalidad, y asegur\u00f3 que continuar\u00e1 alzando la voz para exigir que las autoridades investiguen y act\u00faen conforme a derecho.<\/li>\n<\/ul>\n<p style=\"text-align: justify;\">Desde los pasillos del Senado de la Rep\u00fablica, la senadora del PRI por Tlaxcala, Anabell \u00c1valos Zempoalteca, inform\u00f3 que present\u00f3 ante la Fiscal\u00eda Especializada en materia de Delitos Electorales de la Fiscal\u00eda General de la Rep\u00fablica (FGR) una denuncia por los posibles delitos relacionados con la presunta introducci\u00f3n de material electoral a favor de un aspirante en Tlaxcala, dentro de la Casa de Gobierno.<\/p>\n<p style=\"text-align: justify;\">Con un tono cr\u00edtico, la legisladora tlaxcalteca sostuvo que una situaci\u00f3n de esta naturaleza \u201csimple y sencillamente no puede suceder\u201d, al considerar que el uso de instalaciones gubernamentales para actividades presuntamente relacionadas con procesos electorales debe ser investigado y, en su caso, sancionado.<\/p>\n<p style=\"text-align: justify;\">\u00c1valos Zempoalteca enfatiz\u00f3 que no se trata \u00fanicamente de una denuncia pol\u00edtica, sino de exigir que las instituciones act\u00faen conforme a derecho y determinen las responsabilidades que correspondan. En ese sentido, reclam\u00f3 que el caso sea atendido con seriedad, transparencia y apego a la legalidad, particularmente cuando existen se\u00f1alamientos que podr\u00edan comprometer el uso de espacios p\u00fablicos en asuntos electorales.<\/p>\n<p style=\"text-align: justify;\">La senadora anunci\u00f3 adem\u00e1s que el pr\u00f3ximo lunes acudir\u00e1 personalmente para conocer a qu\u00e9 autoridad ser\u00e1 asignado el expediente y dar seguimiento puntual a la investigaci\u00f3n. Asegur\u00f3 que mantendr\u00e1 informada a la ciudadan\u00eda sobre los avances del procedimiento, en un mensaje que busca dejar claro que no pretende dejar el asunto en el terreno de las declaraciones.<\/p>\n<p style=\"text-align: justify;\">Finalmente, desde la sede del Senado, Anabell \u00c1valos reiter\u00f3 su postura de mantener la defensa de los intereses de la entidad y lanz\u00f3 un mensaje directo: \u201cLos tlaxcaltecas merecen respuestas, transparencia y legalidad. Desde donde est\u00e9, seguir\u00e9 levantando la voz por Tlaxcala\u201d.<\/p>\n","protected":false},"excerpt":{"rendered":"<p>La senadora priista advirti\u00f3 que los tlaxcaltecas merecen respuestas, transparencia y legalidad, y asegur\u00f3 que continuar\u00e1 alzando la voz para exigir que las autoridades investiguen y act\u00faen conforme a derecho. Desde los pasillos del Senado de la Rep\u00fablica, la senadora del PRI por Tlaxcala, Anabell \u00c1valos Zempoalteca, inform\u00f3 que present\u00f3 ante la Fiscal\u00eda Especializada en [&hellip;]<\/p>\n","protected":false},"author":5,"featured_media":84560,"comment_status":"open","ping_status":"open","sticky":false,"template":"","format":"standard","meta":{"footnotes":""},"categories":[12,247],"tags":[],"class_list":["post-84559","post","type-post","status-publish","format-standard","has-post-thumbnail","hentry","category-brujula-2026","category-politica"],"amp_enabled":true,"_links":{"self":[{"href":"https:\/\/labestiapolitica.com.mx\/index.php?rest_route=\/wp\/v2\/posts\/84559","targetHints":{"allow":["GET"]}}],"collection":[{"href":"https:\/\/labestiapolitica.com.mx\/index.php?rest_route=\/wp\/v2\/posts"}],"about":[{"href":"https:\/\/labestiapolitica.com.mx\/index.php?rest_route=\/wp\/v2\/types\/post"}],"author":[{"embeddable":true,"href":"https:\/\/labestiapolitica.com.mx\/index.php?rest_route=\/wp\/v2\/users\/5"}],"replies":[{"embeddable":true,"href":"https:\/\/labestiapolitica.com.mx\/index.php?rest_route=%2Fwp%2Fv2%2Fcomments&post=84559"}],"version-history":[{"count":1,"href":"https:\/\/labestiapolitica.com.mx\/index.php?rest_route=\/wp\/v2\/posts\/84559\/revisions"}],"predecessor-version":[{"id":84561,"href":"https:\/\/labestiapolitica.com.mx\/index.php?rest_route=\/wp\/v2\/posts\/84559\/revisions\/84561"}],"wp:featuredmedia":[{"embeddable":true,"href":"https:\/\/labestiapolitica.com.mx\/index.php?rest_route=\/wp\/v2\/media\/84560"}],"wp:attachment":[{"href":"https:\/\/labestiapolitica.com.mx\/index.php?rest_route=%2Fwp%2Fv2%2Fmedia&parent=84559"}],"wp:term":[{"taxonomy":"category","embeddable":true,"href":"https:\/\/labestiapolitica.com.mx\/index.php?rest_route=%2Fwp%2Fv2%2Fcategories&post=84559"},{"taxonomy":"post_tag","embeddable":true,"href":"https:\/\/labestiapolitica.com.mx\/index.php?rest_route=%2Fwp%2Fv2%2Ftags&post=84559"}],"curies":[{"name":"wp","href":"https:\/\/api.w.org\/{rel}","templated":true}]}}