{"id":84565,"date":"2026-09-03T15:57:15","date_gmt":"2026-09-03T21:57:15","guid":{"rendered":"https:\/\/labestiapolitica.com.mx\/?p=84565"},"modified":"2026-09-03T15:57:37","modified_gmt":"2026-09-03T21:57:37","slug":"alcalde-carlos-lopez-participa-en-acciones-de-coordinacion-nacional-para-fortalecer-la-seguridad-de-las-familias","status":"publish","type":"post","link":"https:\/\/labestiapolitica.com.mx\/?p=84565","title":{"rendered":"Alcalde Carlos L\u00f3pez participa en acciones de coordinaci\u00f3n nacional para fortalecer la seguridad de las familias."},"content":{"rendered":"<p style=\"text-align: justify;\">El presidente municipal de Tlaxcala, Carlos L\u00f3pez Su\u00e1rez, particip\u00f3 de manera virtual en la Sexta Reuni\u00f3n de la Conferencia Nacional de Seguridad P\u00fablica Municipal, donde intercambi\u00f3 experiencias y puntos de vista con autoridades municipales y representantes de los distintos \u00f3rdenes de gobierno.<\/p>\n<p style=\"text-align: justify;\">Durante este encuentro, que tiene como prop\u00f3sito fortalecer la coordinaci\u00f3n y el intercambio de experiencias entre los gobiernos municipales en materia de seguridad p\u00fablica, se abordaron estrategias encaminadas a mejorar las capacidades institucionales, la prevenci\u00f3n del delito y la atenci\u00f3n cercana a las necesidades de la ciudadan\u00eda.<\/p>\n<p style=\"text-align: justify;\">De esta manera, la participaci\u00f3n del alcalde capitalino fortalece una pol\u00edtica de seguridad basada en la coordinaci\u00f3n, la prevenci\u00f3n y la atenci\u00f3n directa a la poblaci\u00f3n, en concordancia con los principios de la Cuarta Transformaci\u00f3n para mantener gobiernos cercanos, que escuchan y que trabajan para resolver las necesidades de las comunidades.<\/p>\n<p>&nbsp;<\/p>\n<p><img loading=\"lazy\" decoding=\"async\" class=\"aligncenter wp-image-79046 size-large\" src=\"https:\/\/labestiapolitica.com.mx\/wp-content\/uploads\/2026\/07\/AJ-uni-819x1024.jpeg\" alt=\"\" width=\"640\" height=\"800\" srcset=\"https:\/\/labestiapolitica.com.mx\/wp-content\/uploads\/2026\/07\/AJ-uni-819x1024.jpeg 819w, https:\/\/labestiapolitica.com.mx\/wp-content\/uploads\/2026\/07\/AJ-uni-240x300.jpeg 240w, https:\/\/labestiapolitica.com.mx\/wp-content\/uploads\/2026\/07\/AJ-uni-768x960.jpeg 768w, https:\/\/labestiapolitica.com.mx\/wp-content\/uploads\/2026\/07\/AJ-uni.jpeg 1080w\" sizes=\"auto, (max-width: 640px) 100vw, 640px\" \/><\/p>\n","protected":false},"excerpt":{"rendered":"<p>El presidente municipal de Tlaxcala, Carlos L\u00f3pez Su\u00e1rez, particip\u00f3 de manera virtual en la Sexta Reuni\u00f3n de la Conferencia Nacional de Seguridad P\u00fablica Municipal, donde intercambi\u00f3 experiencias y puntos de vista con autoridades municipales y representantes de los distintos \u00f3rdenes de gobierno. Durante este encuentro, que tiene como prop\u00f3sito fortalecer la coordinaci\u00f3n y el intercambio [&hellip;]<\/p>\n","protected":false},"author":5,"featured_media":84569,"comment_status":"open","ping_status":"open","sticky":false,"template":"","format":"standard","meta":{"footnotes":""},"categories":[216,214],"tags":[],"class_list":["post-84565","post","type-post","status-publish","format-standard","has-post-thumbnail","hentry","category-municipios","category-tlaxcala-capital"],"amp_enabled":true,"_links":{"self":[{"href":"https:\/\/labestiapolitica.com.mx\/index.php?rest_route=\/wp\/v2\/posts\/84565","targetHints":{"allow":["GET"]}}],"collection":[{"href":"https:\/\/labestiapolitica.com.mx\/index.php?rest_route=\/wp\/v2\/posts"}],"about":[{"href":"https:\/\/labestiapolitica.com.mx\/index.php?rest_route=\/wp\/v2\/types\/post"}],"author":[{"embeddable":true,"href":"https:\/\/labestiapolitica.com.mx\/index.php?rest_route=\/wp\/v2\/users\/5"}],"replies":[{"embeddable":true,"href":"https:\/\/labestiapolitica.com.mx\/index.php?rest_route=%2Fwp%2Fv2%2Fcomments&post=84565"}],"version-history":[{"count":2,"href":"https:\/\/labestiapolitica.com.mx\/index.php?rest_route=\/wp\/v2\/posts\/84565\/revisions"}],"predecessor-version":[{"id":84571,"href":"https:\/\/labestiapolitica.com.mx\/index.php?rest_route=\/wp\/v2\/posts\/84565\/revisions\/84571"}],"wp:featuredmedia":[{"embeddable":true,"href":"https:\/\/labestiapolitica.com.mx\/index.php?rest_route=\/wp\/v2\/media\/84569"}],"wp:attachment":[{"href":"https:\/\/labestiapolitica.com.mx\/index.php?rest_route=%2Fwp%2Fv2%2Fmedia&parent=84565"}],"wp:term":[{"taxonomy":"category","embeddable":true,"href":"https:\/\/labestiapolitica.com.mx\/index.php?rest_route=%2Fwp%2Fv2%2Fcategories&post=84565"},{"taxonomy":"post_tag","embeddable":true,"href":"https:\/\/labestiapolitica.com.mx\/index.php?rest_route=%2Fwp%2Fv2%2Ftags&post=84565"}],"curies":[{"name":"wp","href":"https:\/\/api.w.org\/{rel}","templated":true}]}}