{"id":84566,"date":"2026-09-03T15:58:08","date_gmt":"2026-09-03T21:58:08","guid":{"rendered":"https:\/\/labestiapolitica.com.mx\/?p=84566"},"modified":"2026-09-03T16:00:55","modified_gmt":"2026-09-03T22:00:55","slug":"universidad-san-clemente-abre-oficialmente-sus-puertas-a-una-nueva-generacion-de-estudiantes","status":"publish","type":"post","link":"https:\/\/labestiapolitica.com.mx\/?p=84566","title":{"rendered":"Universidad San Clemente abre oficialmente sus puertas a una nueva generaci\u00f3n de estudiantes"},"content":{"rendered":"<p style=\"text-align: justify;\">La Universidad San Clemente dio la bienvenida a las y los estudiantes de nuevo ingreso con el inicio de su curso proped\u00e9utico, marcando oficialmente el comienzo de una nueva etapa acad\u00e9mica para la instituci\u00f3n y su comunidad universitaria.<\/p>\n<p style=\"text-align: justify;\">La bienvenida estuvo a cargo de la Dra. Zarai Bello Hern\u00e1ndez, Rectora de la Universidad San Clemente, quien recibi\u00f3 a las y los nuevos estudiantes y destac\u00f3 la importancia de comenzar esta etapa con compromiso, responsabilidad y entusiasmo por su formaci\u00f3n profesional.<\/p>\n<p style=\"text-align: justify;\">Durante el curso proped\u00e9utico, las y los j\u00f3venes comenzaron a familiarizarse con la din\u00e1mica universitaria, sus espacios, compa\u00f1eros y modelo educativo, adem\u00e1s de recibir herramientas que facilitar\u00e1n su incorporaci\u00f3n a la vida acad\u00e9mica.<\/p>\n<p style=\"text-align: justify;\">Las actividades estuvieron a cargo del Mtro. Jos\u00e9 L\u00e1zaro Montes D\u00e1vila, responsable del desarrollo del curso, con el apoyo de la Ing. Magali Hern\u00e1ndez Garc\u00eda, desde el \u00e1rea de vinculaci\u00f3n, acompa\u00f1ando a las y los estudiantes en este primer acercamiento con la vida universitaria.<\/p>\n<p style=\"text-align: justify;\">El curso proped\u00e9utico representa el primer v\u00ednculo formal de esta nueva generaci\u00f3n con el modelo de formaci\u00f3n de la Universidad San Clemente, que busca complementar la preparaci\u00f3n profesional con el desarrollo humano, el pensamiento cr\u00edtico, la creatividad y una visi\u00f3n integral.<\/p>\n<p style=\"text-align: justify;\">La instituci\u00f3n cuenta con una oferta acad\u00e9mica integrada por las licenciaturas en Derecho, Ingenier\u00eda Industrial, Ciencias de la Educaci\u00f3n, Contabilidad Fiscal y Arte Textil, adem\u00e1s de la Maestr\u00eda en Filosof\u00eda.<\/p>\n<p style=\"text-align: justify;\">Con este inicio, la Universidad San Clemente abre oficialmente sus puertas a una nueva comunidad de estudiantes y reafirma su compromiso de formar profesionistas preparados para afrontar los retos del presente y contribuir al desarrollo de su entorno.<\/p>\n<p style=\"text-align: justify;\">Universidad San Clemente: Proyecci\u00f3n Transformadora.<\/p>\n<div class=\"qMYqUG_convSearchResultHighlightRoot\">\n<div class=\"\" data-turn-id-container=\"request-6a0d3a1e-4764-83e8-a08e-6d241dd99fb1-3\" data-is-intersecting=\"true\">\n<section class=\"text-token-text-primary w-full focus:outline-none has-data-writing-block:pointer-events-none [&amp;:has([data-writing-block])&gt;*]:pointer-events-auto R6Vx5W_threadScrollVars scroll-mb-[calc(var(--scroll-root-safe-area-inset-bottom,0px)+var(--thread-response-height))] scroll-mt-[calc(var(--header-height)+min(200px,max(70px,20svh)))]\" dir=\"auto\" data-turn-id=\"request-6a0d3a1e-4764-83e8-a08e-6d241dd99fb1-3\" data-turn-id-container=\"request-6a0d3a1e-4764-83e8-a08e-6d241dd99fb1-3\" data-testid=\"conversation-turn-18\" data-turn=\"assistant\">\n<div class=\"text-base my-auto mx-auto pb-8 [--thread-content-margin:var(--thread-content-margin-xs,calc(var(--spacing)*4))] @w-sm\/main:[--thread-content-margin:var(--thread-content-margin-sm,calc(var(--spacing)*6))] @w-lg\/main:[--thread-content-margin:var(--thread-content-margin-lg,calc(var(--spacing)*16))] px-(--thread-content-margin)\">\n<div class=\"[--thread-content-max-width:40rem] @w-lg\/main:[--thread-content-max-width:48rem] mx-auto max-w-(--thread-content-max-width) flex-1 group\/turn-messages focus-visible:outline-hidden relative flex w-full min-w-0 flex-col agent-turn\" data-conversation-screenshot-content=\"\">\n<div class=\"flex max-w-full flex-col gap-4 grow\">\n<div class=\"min-h-8 text-message relative flex w-full flex-col items-end gap-2 text-start break-words whitespace-normal outline-none keyboard-focused:focus-ring [.text-message+&amp;]:mt-1\" dir=\"auto\" tabindex=\"0\" data-message-author-role=\"assistant\" data-message-id=\"427b2401-5465-406d-97b3-e1fad0918a5d\" data-turn-start-message=\"true\" data-message-model-slug=\"gpt-5-6-thinking\">\n<div class=\"flex w-full flex-col gap-1 empty:hidden\">\n<div class=\"markdown prose dark:prose-invert wrap-break-word w-full dark markdown-new-styling\">\n<p class=\"PDq2pG_selectionAnchorContainer\" data-start=\"70\" data-end=\"281\" data-is-last-node=\"\" data-is-only-node=\"\"><strong data-start=\"70\" data-end=\"94\">Informes y contacto:<\/strong><br data-start=\"94\" data-end=\"97\" \/>\ud83d\udccd Carretera Federal Puebla\u2013Tlaxcala Km 5 No. 33, Santa Mar\u00eda Acuitlapilco, Tlaxcala.<br data-start=\"182\" data-end=\"185\" \/>\ud83d\udcf2 <strong data-start=\"188\" data-end=\"204\">246 104 1020<\/strong><br data-start=\"204\" data-end=\"207\" \/>\ud83c\udf10 <strong data-start=\"210\" data-end=\"232\">unisanclemente.com<\/strong><br data-start=\"232\" data-end=\"235\" \/>\ud83d\udcf1 Redes sociales: <strong data-start=\"254\" data-end=\"281\" data-is-last-node=\"\">@universidadsanclemente\u00a0<\/strong><\/p>\n<p data-start=\"70\" data-end=\"281\" data-is-last-node=\"\" data-is-only-node=\"\"><img loading=\"lazy\" decoding=\"async\" class=\"wp-image-84574 aligncenter\" src=\"https:\/\/labestiapolitica.com.mx\/wp-content\/uploads\/2026\/09\/741735700_122183125430919940_6360875527133652713_n-1-300x132.png\" alt=\"\" width=\"607\" height=\"267\" srcset=\"https:\/\/labestiapolitica.com.mx\/wp-content\/uploads\/2026\/09\/741735700_122183125430919940_6360875527133652713_n-1-300x132.png 300w, https:\/\/labestiapolitica.com.mx\/wp-content\/uploads\/2026\/09\/741735700_122183125430919940_6360875527133652713_n-1-1024x450.png 1024w, https:\/\/labestiapolitica.com.mx\/wp-content\/uploads\/2026\/09\/741735700_122183125430919940_6360875527133652713_n-1-768x337.png 768w, https:\/\/labestiapolitica.com.mx\/wp-content\/uploads\/2026\/09\/741735700_122183125430919940_6360875527133652713_n-1-1536x674.png 1536w, https:\/\/labestiapolitica.com.mx\/wp-content\/uploads\/2026\/09\/741735700_122183125430919940_6360875527133652713_n-1.png 1640w\" sizes=\"auto, (max-width: 607px) 100vw, 607px\" \/><\/p>\n<\/div>\n<\/div>\n<\/div>\n<\/div>\n<\/div>\n<\/div>\n<\/section>\n<\/div>\n<\/div>\n<p>&nbsp;<\/p>\n","protected":false},"excerpt":{"rendered":"<p>La Universidad San Clemente dio la bienvenida a las y los estudiantes de nuevo ingreso con el inicio de su curso proped\u00e9utico, marcando oficialmente el comienzo de una nueva etapa acad\u00e9mica para la instituci\u00f3n y su comunidad universitaria. La bienvenida estuvo a cargo de la Dra. Zarai Bello Hern\u00e1ndez, Rectora de la Universidad San Clemente, [&hellip;]<\/p>\n","protected":false},"author":3,"featured_media":84567,"comment_status":"open","ping_status":"open","sticky":false,"template":"","format":"standard","meta":{"footnotes":""},"categories":[213,318],"tags":[],"class_list":["post-84566","post","type-post","status-publish","format-standard","has-post-thumbnail","hentry","category-educacion","category-usc-universidad-san-clemente"],"amp_enabled":true,"_links":{"self":[{"href":"https:\/\/labestiapolitica.com.mx\/index.php?rest_route=\/wp\/v2\/posts\/84566","targetHints":{"allow":["GET"]}}],"collection":[{"href":"https:\/\/labestiapolitica.com.mx\/index.php?rest_route=\/wp\/v2\/posts"}],"about":[{"href":"https:\/\/labestiapolitica.com.mx\/index.php?rest_route=\/wp\/v2\/types\/post"}],"author":[{"embeddable":true,"href":"https:\/\/labestiapolitica.com.mx\/index.php?rest_route=\/wp\/v2\/users\/3"}],"replies":[{"embeddable":true,"href":"https:\/\/labestiapolitica.com.mx\/index.php?rest_route=%2Fwp%2Fv2%2Fcomments&post=84566"}],"version-history":[{"count":2,"href":"https:\/\/labestiapolitica.com.mx\/index.php?rest_route=\/wp\/v2\/posts\/84566\/revisions"}],"predecessor-version":[{"id":84575,"href":"https:\/\/labestiapolitica.com.mx\/index.php?rest_route=\/wp\/v2\/posts\/84566\/revisions\/84575"}],"wp:featuredmedia":[{"embeddable":true,"href":"https:\/\/labestiapolitica.com.mx\/index.php?rest_route=\/wp\/v2\/media\/84567"}],"wp:attachment":[{"href":"https:\/\/labestiapolitica.com.mx\/index.php?rest_route=%2Fwp%2Fv2%2Fmedia&parent=84566"}],"wp:term":[{"taxonomy":"category","embeddable":true,"href":"https:\/\/labestiapolitica.com.mx\/index.php?rest_route=%2Fwp%2Fv2%2Fcategories&post=84566"},{"taxonomy":"post_tag","embeddable":true,"href":"https:\/\/labestiapolitica.com.mx\/index.php?rest_route=%2Fwp%2Fv2%2Ftags&post=84566"}],"curies":[{"name":"wp","href":"https:\/\/api.w.org\/{rel}","templated":true}]}}