{"id":84576,"date":"2026-09-03T16:26:45","date_gmt":"2026-09-03T22:26:45","guid":{"rendered":"https:\/\/labestiapolitica.com.mx\/?p=84576"},"modified":"2026-09-03T16:26:45","modified_gmt":"2026-09-03T22:26:45","slug":"universidad-metropolitana-de-tlaxcala-realiza-donacion-al-criat-para-fortalecer-talleres-de-rehabilitacion-e-inclusion","status":"publish","type":"post","link":"https:\/\/labestiapolitica.com.mx\/?p=84576","title":{"rendered":"Universidad Metropolitana de Tlaxcala realiza donaci\u00f3n al CRIAT para fortalecer talleres de rehabilitaci\u00f3n e inclusi\u00f3n"},"content":{"rendered":"<p style=\"text-align: justify;\" data-start=\"126\" data-end=\"392\">La <strong data-start=\"149\" data-end=\"196\">Universidad Metropolitana de Tlaxcala (UMT)<\/strong> realiz\u00f3 una donaci\u00f3n de material de soporte al <strong data-start=\"244\" data-end=\"262\">CRIAT Tlaxcala<\/strong>, con el prop\u00f3sito de contribuir al fortalecimiento de los talleres y actividades que se desarrollan en beneficio de sus usuarios.<\/p>\n<p style=\"text-align: justify;\" data-start=\"394\" data-end=\"693\">La entrega se concret\u00f3 en coordinaci\u00f3n con el \u00e1rea de <strong data-start=\"448\" data-end=\"483\">Alianzas Estrat\u00e9gicas del CRIAT<\/strong> y forma parte de la vinculaci\u00f3n que ambas instituciones han comenzado a construir para impulsar acciones en favor de la rehabilitaci\u00f3n, inclusi\u00f3n y desarrollo de las personas que reciben atenci\u00f3n en el centro.<\/p>\n<p style=\"text-align: justify;\" data-start=\"695\" data-end=\"918\">Los materiales donados ser\u00e1n utilizados como herramientas de apoyo en los diferentes talleres, donde contribuir\u00e1n al aprendizaje, desarrollo de habilidades y acompa\u00f1amiento de los procesos de rehabilitaci\u00f3n de los usuarios.<\/p>\n<p style=\"text-align: justify;\" data-start=\"920\" data-end=\"1217\">Por su parte, el CRIAT agradeci\u00f3 la aportaci\u00f3n de la Universidad Metropolitana de Tlaxcala y destac\u00f3 la importancia de establecer alianzas con instituciones educativas, empresas, asociaciones y sociedad civil para sumar recursos que complementen y enriquezcan las actividades que ofrece el centro.<\/p>\n<p style=\"text-align: justify;\" data-start=\"1219\" data-end=\"1474\">El CRIAT se\u00f1al\u00f3 que su operaci\u00f3n es financiada por el <strong data-start=\"1273\" data-end=\"1296\">Gobierno del Estado<\/strong>, mientras que este tipo de colaboraciones permiten incorporar materiales adicionales para fortalecer sus talleres y generar nuevas oportunidades para las familias beneficiarias.<\/p>\n<p style=\"text-align: justify;\" data-start=\"1476\" data-end=\"1741\">La relaci\u00f3n entre ambas instituciones tambi\u00e9n contempla la participaci\u00f3n de estudiantes de la <strong data-start=\"1570\" data-end=\"1612\">Licenciatura en Fisioterapia de la UMT<\/strong>, quienes podr\u00e1n realizar pr\u00e1cticas profesionales, servicio social y otras actividades relacionadas con su preparaci\u00f3n acad\u00e9mica.<\/p>\n<p style=\"text-align: justify;\" data-start=\"1743\" data-end=\"1965\" data-is-last-node=\"\" data-is-only-node=\"\">Con esta donaci\u00f3n, la <strong data-start=\"1765\" data-end=\"1806\">Universidad Metropolitana de Tlaxcala<\/strong> fortalece su vinculaci\u00f3n con el CRIAT y su participaci\u00f3n en iniciativas de responsabilidad social que buscan generar beneficios para la poblaci\u00f3n tlaxcalteca.<\/p>\n<p style=\"text-align: justify;\" data-start=\"1743\" data-end=\"1965\" data-is-last-node=\"\" data-is-only-node=\"\"><img loading=\"lazy\" decoding=\"async\" class=\"size-medium wp-image-84578 aligncenter\" src=\"https:\/\/labestiapolitica.com.mx\/wp-content\/uploads\/2026\/09\/787556808_122110156935419534_5452929325530728786_n-300x225.jpg\" alt=\"\" width=\"300\" height=\"225\" srcset=\"https:\/\/labestiapolitica.com.mx\/wp-content\/uploads\/2026\/09\/787556808_122110156935419534_5452929325530728786_n-300x225.jpg 300w, https:\/\/labestiapolitica.com.mx\/wp-content\/uploads\/2026\/09\/787556808_122110156935419534_5452929325530728786_n-1024x768.jpg 1024w, https:\/\/labestiapolitica.com.mx\/wp-content\/uploads\/2026\/09\/787556808_122110156935419534_5452929325530728786_n-768x576.jpg 768w, https:\/\/labestiapolitica.com.mx\/wp-content\/uploads\/2026\/09\/787556808_122110156935419534_5452929325530728786_n-1536x1152.jpg 1536w, https:\/\/labestiapolitica.com.mx\/wp-content\/uploads\/2026\/09\/787556808_122110156935419534_5452929325530728786_n.jpg 2048w\" sizes=\"auto, (max-width: 300px) 100vw, 300px\" \/><\/p>\n","protected":false},"excerpt":{"rendered":"<p>La Universidad Metropolitana de Tlaxcala (UMT) realiz\u00f3 una donaci\u00f3n de material de soporte al CRIAT Tlaxcala, con el prop\u00f3sito de contribuir al fortalecimiento de los talleres y actividades que se desarrollan en beneficio de sus usuarios. La entrega se concret\u00f3 en coordinaci\u00f3n con el \u00e1rea de Alianzas Estrat\u00e9gicas del CRIAT y forma parte de la [&hellip;]<\/p>\n","protected":false},"author":3,"featured_media":84577,"comment_status":"open","ping_status":"open","sticky":false,"template":"","format":"standard","meta":{"footnotes":""},"categories":[213,244],"tags":[],"class_list":["post-84576","post","type-post","status-publish","format-standard","has-post-thumbnail","hentry","category-educacion","category-umt"],"amp_enabled":true,"_links":{"self":[{"href":"https:\/\/labestiapolitica.com.mx\/index.php?rest_route=\/wp\/v2\/posts\/84576","targetHints":{"allow":["GET"]}}],"collection":[{"href":"https:\/\/labestiapolitica.com.mx\/index.php?rest_route=\/wp\/v2\/posts"}],"about":[{"href":"https:\/\/labestiapolitica.com.mx\/index.php?rest_route=\/wp\/v2\/types\/post"}],"author":[{"embeddable":true,"href":"https:\/\/labestiapolitica.com.mx\/index.php?rest_route=\/wp\/v2\/users\/3"}],"replies":[{"embeddable":true,"href":"https:\/\/labestiapolitica.com.mx\/index.php?rest_route=%2Fwp%2Fv2%2Fcomments&post=84576"}],"version-history":[{"count":1,"href":"https:\/\/labestiapolitica.com.mx\/index.php?rest_route=\/wp\/v2\/posts\/84576\/revisions"}],"predecessor-version":[{"id":84579,"href":"https:\/\/labestiapolitica.com.mx\/index.php?rest_route=\/wp\/v2\/posts\/84576\/revisions\/84579"}],"wp:featuredmedia":[{"embeddable":true,"href":"https:\/\/labestiapolitica.com.mx\/index.php?rest_route=\/wp\/v2\/media\/84577"}],"wp:attachment":[{"href":"https:\/\/labestiapolitica.com.mx\/index.php?rest_route=%2Fwp%2Fv2%2Fmedia&parent=84576"}],"wp:term":[{"taxonomy":"category","embeddable":true,"href":"https:\/\/labestiapolitica.com.mx\/index.php?rest_route=%2Fwp%2Fv2%2Fcategories&post=84576"},{"taxonomy":"post_tag","embeddable":true,"href":"https:\/\/labestiapolitica.com.mx\/index.php?rest_route=%2Fwp%2Fv2%2Ftags&post=84576"}],"curies":[{"name":"wp","href":"https:\/\/api.w.org\/{rel}","templated":true}]}}