{"id":84580,"date":"2026-09-03T16:33:25","date_gmt":"2026-09-03T22:33:25","guid":{"rendered":"https:\/\/labestiapolitica.com.mx\/?p=84580"},"modified":"2026-09-03T16:33:25","modified_gmt":"2026-09-03T22:33:25","slug":"universidad-metropolitana-de-tlaxcala-inicia-ciclo-escolar-2026-2027-con-20-anos-de-trayectoria-educativa","status":"publish","type":"post","link":"https:\/\/labestiapolitica.com.mx\/?p=84580","title":{"rendered":"Universidad Metropolitana de Tlaxcala inicia ciclo escolar 2026-2027 con 20 a\u00f1os de trayectoria educativa"},"content":{"rendered":"<p style=\"text-align: justify;\" data-start=\"114\" data-end=\"359\">La <strong data-start=\"137\" data-end=\"184\">Universidad Metropolitana de Tlaxcala (UMT)<\/strong> dio inicio al ciclo escolar <strong data-start=\"213\" data-end=\"226\">2026-2027<\/strong> con un acto c\u00edvico en el que estudiantes, docentes, directivos y familias participaron en la bienvenida a una nueva etapa acad\u00e9mica.<\/p>\n<p style=\"text-align: justify;\" data-start=\"361\" data-end=\"652\">El arranque de actividades reuni\u00f3 tambi\u00e9n a la comunidad del <strong data-start=\"422\" data-end=\"462\">Instituto Metropolitano de Monterrey<\/strong> y del <strong data-start=\"469\" data-end=\"505\">Instituto Metropolitano Integral<\/strong>, instituciones que forman parte del proyecto educativo metropolitano y que comenzaron formalmente sus actividades correspondientes al nuevo ciclo.<\/p>\n<p style=\"text-align: justify;\" data-start=\"654\" data-end=\"900\">Durante la ceremonia se destac\u00f3 la importancia de iniciar este periodo con nuevos objetivos y proyectos acad\u00e9micos, adem\u00e1s de reconocer la confianza de madres y padres de familia que han elegido estas instituciones para la formaci\u00f3n de sus hijos.<\/p>\n<p style=\"text-align: justify;\" data-start=\"902\" data-end=\"1143\">Asimismo, se invit\u00f3 a las y los estudiantes a asumir con responsabilidad y entusiasmo los retos que traer\u00e1 el ciclo escolar 2026-2027, aprovechando las oportunidades acad\u00e9micas y de desarrollo integral que tendr\u00e1n durante los pr\u00f3ximos meses.<\/p>\n<p style=\"text-align: justify;\" data-start=\"1145\" data-end=\"1389\">Este inicio de cursos coincide con los <strong data-start=\"1184\" data-end=\"1254\">20 a\u00f1os de trayectoria de la Universidad Metropolitana de Tlaxcala<\/strong>, periodo en el que la instituci\u00f3n ha trabajado en la formaci\u00f3n de distintas generaciones de estudiantes y profesionistas de la regi\u00f3n.<\/p>\n<p style=\"text-align: justify;\" data-start=\"1391\" data-end=\"1581\" data-is-last-node=\"\" data-is-only-node=\"\">Con el comienzo del nuevo ciclo escolar, la UMT refrend\u00f3 su compromiso con una educaci\u00f3n basada en la preparaci\u00f3n acad\u00e9mica, el humanismo y la formaci\u00f3n integral de su comunidad estudiantil.<\/p>\n<p style=\"text-align: justify;\" data-start=\"1391\" data-end=\"1581\" data-is-last-node=\"\" data-is-only-node=\"\"><img loading=\"lazy\" decoding=\"async\" class=\"alignnone size-medium wp-image-84581\" src=\"https:\/\/labestiapolitica.com.mx\/wp-content\/uploads\/2026\/09\/788765197_4446515578900016_6147505394033628273_n-300x200.jpeg\" alt=\"\" width=\"300\" height=\"200\" srcset=\"https:\/\/labestiapolitica.com.mx\/wp-content\/uploads\/2026\/09\/788765197_4446515578900016_6147505394033628273_n-300x200.jpeg 300w, https:\/\/labestiapolitica.com.mx\/wp-content\/uploads\/2026\/09\/788765197_4446515578900016_6147505394033628273_n-1024x682.jpeg 1024w, https:\/\/labestiapolitica.com.mx\/wp-content\/uploads\/2026\/09\/788765197_4446515578900016_6147505394033628273_n-768x512.jpeg 768w, https:\/\/labestiapolitica.com.mx\/wp-content\/uploads\/2026\/09\/788765197_4446515578900016_6147505394033628273_n-1536x1023.jpeg 1536w, https:\/\/labestiapolitica.com.mx\/wp-content\/uploads\/2026\/09\/788765197_4446515578900016_6147505394033628273_n.jpeg 1600w\" sizes=\"auto, (max-width: 300px) 100vw, 300px\" \/><img loading=\"lazy\" decoding=\"async\" class=\"alignnone size-medium wp-image-84582\" src=\"https:\/\/labestiapolitica.com.mx\/wp-content\/uploads\/2026\/09\/789707732_1735617284438079_760066232136559848_n-300x200.jpeg\" alt=\"\" width=\"300\" height=\"200\" srcset=\"https:\/\/labestiapolitica.com.mx\/wp-content\/uploads\/2026\/09\/789707732_1735617284438079_760066232136559848_n-300x200.jpeg 300w, https:\/\/labestiapolitica.com.mx\/wp-content\/uploads\/2026\/09\/789707732_1735617284438079_760066232136559848_n-1024x682.jpeg 1024w, https:\/\/labestiapolitica.com.mx\/wp-content\/uploads\/2026\/09\/789707732_1735617284438079_760066232136559848_n-768x512.jpeg 768w, https:\/\/labestiapolitica.com.mx\/wp-content\/uploads\/2026\/09\/789707732_1735617284438079_760066232136559848_n-1536x1023.jpeg 1536w, https:\/\/labestiapolitica.com.mx\/wp-content\/uploads\/2026\/09\/789707732_1735617284438079_760066232136559848_n.jpeg 1600w\" sizes=\"auto, (max-width: 300px) 100vw, 300px\" \/> <img loading=\"lazy\" decoding=\"async\" class=\"alignnone size-medium wp-image-84584\" src=\"https:\/\/labestiapolitica.com.mx\/wp-content\/uploads\/2026\/09\/790970141_1487796896708867_9129690233470710314_n-300x200.jpeg\" alt=\"\" width=\"300\" height=\"200\" srcset=\"https:\/\/labestiapolitica.com.mx\/wp-content\/uploads\/2026\/09\/790970141_1487796896708867_9129690233470710314_n-300x200.jpeg 300w, https:\/\/labestiapolitica.com.mx\/wp-content\/uploads\/2026\/09\/790970141_1487796896708867_9129690233470710314_n-1024x682.jpeg 1024w, https:\/\/labestiapolitica.com.mx\/wp-content\/uploads\/2026\/09\/790970141_1487796896708867_9129690233470710314_n-768x512.jpeg 768w, https:\/\/labestiapolitica.com.mx\/wp-content\/uploads\/2026\/09\/790970141_1487796896708867_9129690233470710314_n-1536x1023.jpeg 1536w, https:\/\/labestiapolitica.com.mx\/wp-content\/uploads\/2026\/09\/790970141_1487796896708867_9129690233470710314_n.jpeg 1600w\" sizes=\"auto, (max-width: 300px) 100vw, 300px\" \/><img loading=\"lazy\" decoding=\"async\" class=\"alignnone size-medium wp-image-84585\" src=\"https:\/\/labestiapolitica.com.mx\/wp-content\/uploads\/2026\/09\/791130920_2551725788664054_2207077046891141909_n-300x200.jpeg\" alt=\"\" width=\"300\" height=\"200\" srcset=\"https:\/\/labestiapolitica.com.mx\/wp-content\/uploads\/2026\/09\/791130920_2551725788664054_2207077046891141909_n-300x200.jpeg 300w, https:\/\/labestiapolitica.com.mx\/wp-content\/uploads\/2026\/09\/791130920_2551725788664054_2207077046891141909_n-1024x682.jpeg 1024w, https:\/\/labestiapolitica.com.mx\/wp-content\/uploads\/2026\/09\/791130920_2551725788664054_2207077046891141909_n-768x512.jpeg 768w, https:\/\/labestiapolitica.com.mx\/wp-content\/uploads\/2026\/09\/791130920_2551725788664054_2207077046891141909_n-1536x1023.jpeg 1536w, https:\/\/labestiapolitica.com.mx\/wp-content\/uploads\/2026\/09\/791130920_2551725788664054_2207077046891141909_n.jpeg 1600w\" sizes=\"auto, (max-width: 300px) 100vw, 300px\" \/> <img loading=\"lazy\" decoding=\"async\" class=\"alignnone size-medium wp-image-84586\" src=\"https:\/\/labestiapolitica.com.mx\/wp-content\/uploads\/2026\/09\/791599702_1855846185576439_2446407810304671155_n-300x200.jpeg\" alt=\"\" width=\"300\" height=\"200\" srcset=\"https:\/\/labestiapolitica.com.mx\/wp-content\/uploads\/2026\/09\/791599702_1855846185576439_2446407810304671155_n-300x200.jpeg 300w, https:\/\/labestiapolitica.com.mx\/wp-content\/uploads\/2026\/09\/791599702_1855846185576439_2446407810304671155_n-1024x682.jpeg 1024w, https:\/\/labestiapolitica.com.mx\/wp-content\/uploads\/2026\/09\/791599702_1855846185576439_2446407810304671155_n-768x512.jpeg 768w, https:\/\/labestiapolitica.com.mx\/wp-content\/uploads\/2026\/09\/791599702_1855846185576439_2446407810304671155_n-1536x1023.jpeg 1536w, https:\/\/labestiapolitica.com.mx\/wp-content\/uploads\/2026\/09\/791599702_1855846185576439_2446407810304671155_n.jpeg 1600w\" sizes=\"auto, (max-width: 300px) 100vw, 300px\" \/> <img loading=\"lazy\" decoding=\"async\" class=\"alignnone size-medium wp-image-84587\" src=\"https:\/\/labestiapolitica.com.mx\/wp-content\/uploads\/2026\/09\/792411078_945992278543485_2744541568060840553_n-300x200.jpeg\" alt=\"\" width=\"300\" height=\"200\" srcset=\"https:\/\/labestiapolitica.com.mx\/wp-content\/uploads\/2026\/09\/792411078_945992278543485_2744541568060840553_n-300x200.jpeg 300w, https:\/\/labestiapolitica.com.mx\/wp-content\/uploads\/2026\/09\/792411078_945992278543485_2744541568060840553_n-1024x683.jpeg 1024w, https:\/\/labestiapolitica.com.mx\/wp-content\/uploads\/2026\/09\/792411078_945992278543485_2744541568060840553_n-768x512.jpeg 768w, https:\/\/labestiapolitica.com.mx\/wp-content\/uploads\/2026\/09\/792411078_945992278543485_2744541568060840553_n.jpeg 1536w\" sizes=\"auto, (max-width: 300px) 100vw, 300px\" \/><\/p>\n","protected":false},"excerpt":{"rendered":"<p>La Universidad Metropolitana de Tlaxcala (UMT) dio inicio al ciclo escolar 2026-2027 con un acto c\u00edvico en el que estudiantes, docentes, directivos y familias participaron en la bienvenida a una nueva etapa acad\u00e9mica. El arranque de actividades reuni\u00f3 tambi\u00e9n a la comunidad del Instituto Metropolitano de Monterrey y del Instituto Metropolitano Integral, instituciones que forman [&hellip;]<\/p>\n","protected":false},"author":3,"featured_media":84583,"comment_status":"open","ping_status":"open","sticky":false,"template":"","format":"standard","meta":{"footnotes":""},"categories":[213,244],"tags":[],"class_list":["post-84580","post","type-post","status-publish","format-standard","has-post-thumbnail","hentry","category-educacion","category-umt"],"amp_enabled":true,"_links":{"self":[{"href":"https:\/\/labestiapolitica.com.mx\/index.php?rest_route=\/wp\/v2\/posts\/84580","targetHints":{"allow":["GET"]}}],"collection":[{"href":"https:\/\/labestiapolitica.com.mx\/index.php?rest_route=\/wp\/v2\/posts"}],"about":[{"href":"https:\/\/labestiapolitica.com.mx\/index.php?rest_route=\/wp\/v2\/types\/post"}],"author":[{"embeddable":true,"href":"https:\/\/labestiapolitica.com.mx\/index.php?rest_route=\/wp\/v2\/users\/3"}],"replies":[{"embeddable":true,"href":"https:\/\/labestiapolitica.com.mx\/index.php?rest_route=%2Fwp%2Fv2%2Fcomments&post=84580"}],"version-history":[{"count":1,"href":"https:\/\/labestiapolitica.com.mx\/index.php?rest_route=\/wp\/v2\/posts\/84580\/revisions"}],"predecessor-version":[{"id":84588,"href":"https:\/\/labestiapolitica.com.mx\/index.php?rest_route=\/wp\/v2\/posts\/84580\/revisions\/84588"}],"wp:featuredmedia":[{"embeddable":true,"href":"https:\/\/labestiapolitica.com.mx\/index.php?rest_route=\/wp\/v2\/media\/84583"}],"wp:attachment":[{"href":"https:\/\/labestiapolitica.com.mx\/index.php?rest_route=%2Fwp%2Fv2%2Fmedia&parent=84580"}],"wp:term":[{"taxonomy":"category","embeddable":true,"href":"https:\/\/labestiapolitica.com.mx\/index.php?rest_route=%2Fwp%2Fv2%2Fcategories&post=84580"},{"taxonomy":"post_tag","embeddable":true,"href":"https:\/\/labestiapolitica.com.mx\/index.php?rest_route=%2Fwp%2Fv2%2Ftags&post=84580"}],"curies":[{"name":"wp","href":"https:\/\/api.w.org\/{rel}","templated":true}]}}