{"id":84589,"date":"2026-09-03T16:45:43","date_gmt":"2026-09-03T22:45:43","guid":{"rendered":"https:\/\/labestiapolitica.com.mx\/?p=84589"},"modified":"2026-09-03T16:45:43","modified_gmt":"2026-09-03T22:45:43","slug":"universidad-metropolitana-de-tlaxcala-refuerza-cultura-de-prevencion-con-simulacro-de-sismo","status":"publish","type":"post","link":"https:\/\/labestiapolitica.com.mx\/?p=84589","title":{"rendered":"Universidad Metropolitana de Tlaxcala refuerza cultura de prevenci\u00f3n con simulacro de sismo"},"content":{"rendered":"<p style=\"text-align: justify;\">La <strong data-start=\"123\" data-end=\"170\">Universidad Metropolitana de Tlaxcala (UMT)<\/strong> y las instituciones que forman parte de su comunidad educativa llevaron a cabo un simulacro de sismo con el objetivo de fortalecer los protocolos de actuaci\u00f3n y la cultura de la prevenci\u00f3n entre estudiantes, docentes y personal administrativo.<\/p>\n<div class=\"qMYqUG_convSearchResultHighlightRoot\">\n<div class=\"\" data-turn-id-container=\"request-69aefed7-90d4-8326-9744-53cd371ac856-9\" data-is-intersecting=\"true\">\n<section class=\"text-token-text-primary w-full focus:outline-none has-data-writing-block:pointer-events-none [&amp;:has([data-writing-block])&gt;*]:pointer-events-auto R6Vx5W_threadScrollVars scroll-mb-[calc(var(--scroll-root-safe-area-inset-bottom,0px)+var(--thread-response-height))] scroll-mt-[calc(var(--header-height)+min(200px,max(70px,20svh)))]\" dir=\"auto\" data-turn-id=\"request-69aefed7-90d4-8326-9744-53cd371ac856-9\" data-turn-id-container=\"request-69aefed7-90d4-8326-9744-53cd371ac856-9\" data-testid=\"conversation-turn-18\" data-turn=\"assistant\">\n<div class=\"text-base my-auto mx-auto pb-8 [--thread-content-margin:var(--thread-content-margin-xs,calc(var(--spacing)*4))] @w-sm\/main:[--thread-content-margin:var(--thread-content-margin-sm,calc(var(--spacing)*6))] @w-lg\/main:[--thread-content-margin:var(--thread-content-margin-lg,calc(var(--spacing)*16))] px-(--thread-content-margin)\">\n<div class=\"[--thread-content-max-width:40rem] @w-lg\/main:[--thread-content-max-width:48rem] mx-auto max-w-(--thread-content-max-width) flex-1 group\/turn-messages focus-visible:outline-hidden relative flex w-full min-w-0 flex-col agent-turn\" style=\"text-align: justify;\" data-conversation-screenshot-content=\"\">\n<div class=\"flex max-w-full flex-col gap-4 grow\">\n<div class=\"min-h-8 text-message relative flex w-full flex-col items-end gap-2 text-start break-words whitespace-normal outline-none keyboard-focused:focus-ring [.text-message+&amp;]:mt-1\" dir=\"auto\" tabindex=\"0\" data-message-author-role=\"assistant\" data-message-id=\"4b2172ef-786a-4a52-bf02-6ff321d2a96b\" data-turn-start-message=\"true\" data-message-model-slug=\"gpt-5-6-thinking\">\n<div class=\"flex w-full flex-col gap-1 empty:hidden\">\n<div class=\"markdown prose dark:prose-invert wrap-break-word w-full dark markdown-new-styling\">\n<p data-start=\"416\" data-end=\"627\">El ejercicio fue coordinado por la <strong data-start=\"451\" data-end=\"482\">brigada de Protecci\u00f3n Civil<\/strong> de la instituci\u00f3n, que puso en marcha los procedimientos establecidos para responder de manera ordenada y oportuna ante una eventual emergencia.<\/p>\n<p data-start=\"629\" data-end=\"889\">Durante el simulacro se evaluaron aspectos como los tiempos de respuesta, la evacuaci\u00f3n de los espacios y la organizaci\u00f3n de la comunidad educativa, elementos fundamentales para identificar \u00e1reas de mejora y mantener condiciones de seguridad dentro del campus.<\/p>\n<p data-start=\"891\" data-end=\"1127\">Autoridades de la UMT destacaron que este tipo de actividades permiten reforzar la preparaci\u00f3n de quienes integran la instituci\u00f3n y promover una participaci\u00f3n responsable ante situaciones que requieren actuar con rapidez y coordinaci\u00f3n.<\/p>\n<p data-start=\"1129\" data-end=\"1314\">La Universidad Metropolitana de Tlaxcala reconoci\u00f3 la disposici\u00f3n de estudiantes, docentes y personal administrativo, cuya participaci\u00f3n contribuy\u00f3 al desarrollo adecuado del ejercicio.<\/p>\n<p data-start=\"1316\" data-end=\"1483\" data-is-last-node=\"\" data-is-only-node=\"\">Con estas acciones, la UMT refrenda su compromiso con la prevenci\u00f3n y con la construcci\u00f3n de espacios educativos preparados para responder ante posibles contingencias.<\/p>\n<p data-start=\"1316\" data-end=\"1483\" data-is-last-node=\"\" data-is-only-node=\"\"><img loading=\"lazy\" decoding=\"async\" class=\"alignnone size-medium wp-image-84590\" src=\"https:\/\/labestiapolitica.com.mx\/wp-content\/uploads\/2026\/09\/790386024_4039508379675709_7651983835858475970_n-300x225.jpeg\" alt=\"\" width=\"300\" height=\"225\" srcset=\"https:\/\/labestiapolitica.com.mx\/wp-content\/uploads\/2026\/09\/790386024_4039508379675709_7651983835858475970_n-300x225.jpeg 300w, https:\/\/labestiapolitica.com.mx\/wp-content\/uploads\/2026\/09\/790386024_4039508379675709_7651983835858475970_n-1024x768.jpeg 1024w, https:\/\/labestiapolitica.com.mx\/wp-content\/uploads\/2026\/09\/790386024_4039508379675709_7651983835858475970_n-768x576.jpeg 768w, https:\/\/labestiapolitica.com.mx\/wp-content\/uploads\/2026\/09\/790386024_4039508379675709_7651983835858475970_n-1536x1152.jpeg 1536w, https:\/\/labestiapolitica.com.mx\/wp-content\/uploads\/2026\/09\/790386024_4039508379675709_7651983835858475970_n.jpeg 1600w\" sizes=\"auto, (max-width: 300px) 100vw, 300px\" \/> <img loading=\"lazy\" decoding=\"async\" class=\"alignnone size-medium wp-image-84591\" src=\"https:\/\/labestiapolitica.com.mx\/wp-content\/uploads\/2026\/09\/791906525_1593796435451862_5743914340789217773_n-300x225.jpeg\" alt=\"\" width=\"300\" height=\"225\" srcset=\"https:\/\/labestiapolitica.com.mx\/wp-content\/uploads\/2026\/09\/791906525_1593796435451862_5743914340789217773_n-300x225.jpeg 300w, https:\/\/labestiapolitica.com.mx\/wp-content\/uploads\/2026\/09\/791906525_1593796435451862_5743914340789217773_n-1024x768.jpeg 1024w, https:\/\/labestiapolitica.com.mx\/wp-content\/uploads\/2026\/09\/791906525_1593796435451862_5743914340789217773_n-768x576.jpeg 768w, https:\/\/labestiapolitica.com.mx\/wp-content\/uploads\/2026\/09\/791906525_1593796435451862_5743914340789217773_n-1536x1152.jpeg 1536w, https:\/\/labestiapolitica.com.mx\/wp-content\/uploads\/2026\/09\/791906525_1593796435451862_5743914340789217773_n.jpeg 1600w\" sizes=\"auto, (max-width: 300px) 100vw, 300px\" \/><\/p>\n<\/div>\n<\/div>\n<\/div>\n<\/div>\n<\/div>\n<\/div>\n<\/section>\n<\/div>\n<\/div>\n","protected":false},"excerpt":{"rendered":"<p>La Universidad Metropolitana de Tlaxcala (UMT) y las instituciones que forman parte de su comunidad educativa llevaron a cabo un simulacro de sismo con el objetivo de fortalecer los protocolos de actuaci\u00f3n y la cultura de la prevenci\u00f3n entre estudiantes, docentes y personal administrativo. El ejercicio fue coordinado por la brigada de Protecci\u00f3n Civil de [&hellip;]<\/p>\n","protected":false},"author":3,"featured_media":84592,"comment_status":"open","ping_status":"open","sticky":false,"template":"","format":"standard","meta":{"footnotes":""},"categories":[213,244],"tags":[],"class_list":["post-84589","post","type-post","status-publish","format-standard","has-post-thumbnail","hentry","category-educacion","category-umt"],"amp_enabled":true,"_links":{"self":[{"href":"https:\/\/labestiapolitica.com.mx\/index.php?rest_route=\/wp\/v2\/posts\/84589","targetHints":{"allow":["GET"]}}],"collection":[{"href":"https:\/\/labestiapolitica.com.mx\/index.php?rest_route=\/wp\/v2\/posts"}],"about":[{"href":"https:\/\/labestiapolitica.com.mx\/index.php?rest_route=\/wp\/v2\/types\/post"}],"author":[{"embeddable":true,"href":"https:\/\/labestiapolitica.com.mx\/index.php?rest_route=\/wp\/v2\/users\/3"}],"replies":[{"embeddable":true,"href":"https:\/\/labestiapolitica.com.mx\/index.php?rest_route=%2Fwp%2Fv2%2Fcomments&post=84589"}],"version-history":[{"count":1,"href":"https:\/\/labestiapolitica.com.mx\/index.php?rest_route=\/wp\/v2\/posts\/84589\/revisions"}],"predecessor-version":[{"id":84593,"href":"https:\/\/labestiapolitica.com.mx\/index.php?rest_route=\/wp\/v2\/posts\/84589\/revisions\/84593"}],"wp:featuredmedia":[{"embeddable":true,"href":"https:\/\/labestiapolitica.com.mx\/index.php?rest_route=\/wp\/v2\/media\/84592"}],"wp:attachment":[{"href":"https:\/\/labestiapolitica.com.mx\/index.php?rest_route=%2Fwp%2Fv2%2Fmedia&parent=84589"}],"wp:term":[{"taxonomy":"category","embeddable":true,"href":"https:\/\/labestiapolitica.com.mx\/index.php?rest_route=%2Fwp%2Fv2%2Fcategories&post=84589"},{"taxonomy":"post_tag","embeddable":true,"href":"https:\/\/labestiapolitica.com.mx\/index.php?rest_route=%2Fwp%2Fv2%2Ftags&post=84589"}],"curies":[{"name":"wp","href":"https:\/\/api.w.org\/{rel}","templated":true}]}}