{"id":84594,"date":"2026-09-03T16:56:06","date_gmt":"2026-09-03T22:56:06","guid":{"rendered":"https:\/\/labestiapolitica.com.mx\/?p=84594"},"modified":"2026-09-03T16:56:06","modified_gmt":"2026-09-03T22:56:06","slug":"universidad-metropolitana-de-tlaxcala-y-emergencias-medicas-tlaxcala-firman-convenio-para-fortalecer-formacion-y-atencion-prehospitalaria","status":"publish","type":"post","link":"https:\/\/labestiapolitica.com.mx\/?p=84594","title":{"rendered":"Universidad Metropolitana de Tlaxcala y Emergencias M\u00e9dicas Tlaxcala firman convenio para fortalecer formaci\u00f3n y atenci\u00f3n prehospitalaria"},"content":{"rendered":"<p class=\"PDq2pG_selectionAnchorContainer\" style=\"text-align: justify;\" data-start=\"146\" data-end=\"447\">La <strong data-start=\"169\" data-end=\"216\">Universidad Metropolitana de Tlaxcala (UMT)<\/strong> y <strong data-start=\"219\" data-end=\"257\">Emergencias M\u00e9dicas Tlaxcala (EMT)<\/strong> formalizaron un convenio de colaboraci\u00f3n orientado a fortalecer la preparaci\u00f3n profesional de estudiantes y la capacitaci\u00f3n del personal dedicado a la atenci\u00f3n de emergencias en la entidad.<\/p>\n<p style=\"text-align: justify;\" data-start=\"449\" data-end=\"708\">La alianza permitir\u00e1 que estudiantes de la UMT complementen su formaci\u00f3n acad\u00e9mica mediante experiencias en <strong data-start=\"557\" data-end=\"606\">escenarios reales de atenci\u00f3n prehospitalaria<\/strong>, acerc\u00e1ndolos a las condiciones, protocolos y retos que enfrentar\u00e1n durante su ejercicio profesional.<\/p>\n<p style=\"text-align: justify;\" data-start=\"710\" data-end=\"954\">Al mismo tiempo, el convenio contempla acciones de <strong data-start=\"761\" data-end=\"842\">capacitaci\u00f3n y actualizaci\u00f3n para el personal de Emergencias M\u00e9dicas Tlaxcala<\/strong>, con el objetivo de fortalecer sus conocimientos y herramientas para brindar una mejor atenci\u00f3n a la poblaci\u00f3n.<\/p>\n<p style=\"text-align: justify;\" data-start=\"956\" data-end=\"1194\">Autoridades destacaron que esta colaboraci\u00f3n vincula dos \u00e1reas fundamentales para la sociedad: <strong data-start=\"1051\" data-end=\"1072\">educaci\u00f3n y salud<\/strong>, al generar mecanismos para que tanto futuros profesionistas como personal en activo mantengan una preparaci\u00f3n constante.<\/p>\n<p style=\"text-align: justify;\" data-start=\"1196\" data-end=\"1495\">La atenci\u00f3n prehospitalaria requiere personal capacitado para responder de manera oportuna ante situaciones en las que cada decisi\u00f3n puede resultar determinante, por lo que la formaci\u00f3n pr\u00e1ctica y la actualizaci\u00f3n permanente constituyen elementos esenciales para mejorar los servicios de emergencia.<\/p>\n<p style=\"text-align: justify;\" data-start=\"1497\" data-end=\"1766\">Con la firma de este convenio, la <strong data-start=\"1531\" data-end=\"1572\">Universidad Metropolitana de Tlaxcala<\/strong> ampl\u00eda sus v\u00ednculos con instituciones y organizaciones especializadas, buscando que la preparaci\u00f3n de sus estudiantes trascienda las aulas y tenga contacto directo con escenarios profesionales.<\/p>\n<p style=\"text-align: justify;\" data-start=\"1768\" data-end=\"1973\" data-is-last-node=\"\" data-is-only-node=\"\">La UMT y Emergencias M\u00e9dicas Tlaxcala se\u00f1alaron que este acuerdo representa el inicio de una alianza que buscar\u00e1 generar beneficios tanto para sus respectivas comunidades como para la sociedad tlaxcalteca.<\/p>\n<p data-start=\"1768\" data-end=\"1973\" data-is-last-node=\"\" data-is-only-node=\"\"><img loading=\"lazy\" decoding=\"async\" class=\"alignnone size-medium wp-image-84598\" src=\"https:\/\/labestiapolitica.com.mx\/wp-content\/uploads\/2026\/09\/793511611_1041945442163476_2266069329979306594_n-300x200.jpeg\" alt=\"\" width=\"300\" height=\"200\" srcset=\"https:\/\/labestiapolitica.com.mx\/wp-content\/uploads\/2026\/09\/793511611_1041945442163476_2266069329979306594_n-300x200.jpeg 300w, https:\/\/labestiapolitica.com.mx\/wp-content\/uploads\/2026\/09\/793511611_1041945442163476_2266069329979306594_n-1024x682.jpeg 1024w, https:\/\/labestiapolitica.com.mx\/wp-content\/uploads\/2026\/09\/793511611_1041945442163476_2266069329979306594_n-768x512.jpeg 768w, https:\/\/labestiapolitica.com.mx\/wp-content\/uploads\/2026\/09\/793511611_1041945442163476_2266069329979306594_n-1536x1023.jpeg 1536w, https:\/\/labestiapolitica.com.mx\/wp-content\/uploads\/2026\/09\/793511611_1041945442163476_2266069329979306594_n.jpeg 1600w\" sizes=\"auto, (max-width: 300px) 100vw, 300px\" \/> <img loading=\"lazy\" decoding=\"async\" class=\"alignnone size-medium wp-image-84597\" src=\"https:\/\/labestiapolitica.com.mx\/wp-content\/uploads\/2026\/09\/793090823_852152367888471_2785263581111369461_n-300x200.jpeg\" alt=\"\" width=\"300\" height=\"200\" srcset=\"https:\/\/labestiapolitica.com.mx\/wp-content\/uploads\/2026\/09\/793090823_852152367888471_2785263581111369461_n-300x200.jpeg 300w, https:\/\/labestiapolitica.com.mx\/wp-content\/uploads\/2026\/09\/793090823_852152367888471_2785263581111369461_n-1024x682.jpeg 1024w, https:\/\/labestiapolitica.com.mx\/wp-content\/uploads\/2026\/09\/793090823_852152367888471_2785263581111369461_n-768x512.jpeg 768w, https:\/\/labestiapolitica.com.mx\/wp-content\/uploads\/2026\/09\/793090823_852152367888471_2785263581111369461_n-1536x1023.jpeg 1536w, https:\/\/labestiapolitica.com.mx\/wp-content\/uploads\/2026\/09\/793090823_852152367888471_2785263581111369461_n.jpeg 1600w\" sizes=\"auto, (max-width: 300px) 100vw, 300px\" \/> <img loading=\"lazy\" decoding=\"async\" class=\"alignnone size-medium wp-image-84596\" src=\"https:\/\/labestiapolitica.com.mx\/wp-content\/uploads\/2026\/09\/792881853_2146220516333118_6402440149845894012_n-300x200.jpeg\" alt=\"\" width=\"300\" height=\"200\" srcset=\"https:\/\/labestiapolitica.com.mx\/wp-content\/uploads\/2026\/09\/792881853_2146220516333118_6402440149845894012_n-300x200.jpeg 300w, https:\/\/labestiapolitica.com.mx\/wp-content\/uploads\/2026\/09\/792881853_2146220516333118_6402440149845894012_n-1024x682.jpeg 1024w, https:\/\/labestiapolitica.com.mx\/wp-content\/uploads\/2026\/09\/792881853_2146220516333118_6402440149845894012_n-768x512.jpeg 768w, https:\/\/labestiapolitica.com.mx\/wp-content\/uploads\/2026\/09\/792881853_2146220516333118_6402440149845894012_n-1536x1023.jpeg 1536w, https:\/\/labestiapolitica.com.mx\/wp-content\/uploads\/2026\/09\/792881853_2146220516333118_6402440149845894012_n.jpeg 1600w\" sizes=\"auto, (max-width: 300px) 100vw, 300px\" \/><\/p>\n","protected":false},"excerpt":{"rendered":"<p>La Universidad Metropolitana de Tlaxcala (UMT) y Emergencias M\u00e9dicas Tlaxcala (EMT) formalizaron un convenio de colaboraci\u00f3n orientado a fortalecer la preparaci\u00f3n profesional de estudiantes y la capacitaci\u00f3n del personal dedicado a la atenci\u00f3n de emergencias en la entidad. La alianza permitir\u00e1 que estudiantes de la UMT complementen su formaci\u00f3n acad\u00e9mica mediante experiencias en escenarios reales [&hellip;]<\/p>\n","protected":false},"author":3,"featured_media":84599,"comment_status":"open","ping_status":"open","sticky":false,"template":"","format":"standard","meta":{"footnotes":""},"categories":[213,244],"tags":[],"class_list":["post-84594","post","type-post","status-publish","format-standard","has-post-thumbnail","hentry","category-educacion","category-umt"],"amp_enabled":true,"_links":{"self":[{"href":"https:\/\/labestiapolitica.com.mx\/index.php?rest_route=\/wp\/v2\/posts\/84594","targetHints":{"allow":["GET"]}}],"collection":[{"href":"https:\/\/labestiapolitica.com.mx\/index.php?rest_route=\/wp\/v2\/posts"}],"about":[{"href":"https:\/\/labestiapolitica.com.mx\/index.php?rest_route=\/wp\/v2\/types\/post"}],"author":[{"embeddable":true,"href":"https:\/\/labestiapolitica.com.mx\/index.php?rest_route=\/wp\/v2\/users\/3"}],"replies":[{"embeddable":true,"href":"https:\/\/labestiapolitica.com.mx\/index.php?rest_route=%2Fwp%2Fv2%2Fcomments&post=84594"}],"version-history":[{"count":1,"href":"https:\/\/labestiapolitica.com.mx\/index.php?rest_route=\/wp\/v2\/posts\/84594\/revisions"}],"predecessor-version":[{"id":84600,"href":"https:\/\/labestiapolitica.com.mx\/index.php?rest_route=\/wp\/v2\/posts\/84594\/revisions\/84600"}],"wp:featuredmedia":[{"embeddable":true,"href":"https:\/\/labestiapolitica.com.mx\/index.php?rest_route=\/wp\/v2\/media\/84599"}],"wp:attachment":[{"href":"https:\/\/labestiapolitica.com.mx\/index.php?rest_route=%2Fwp%2Fv2%2Fmedia&parent=84594"}],"wp:term":[{"taxonomy":"category","embeddable":true,"href":"https:\/\/labestiapolitica.com.mx\/index.php?rest_route=%2Fwp%2Fv2%2Fcategories&post=84594"},{"taxonomy":"post_tag","embeddable":true,"href":"https:\/\/labestiapolitica.com.mx\/index.php?rest_route=%2Fwp%2Fv2%2Ftags&post=84594"}],"curies":[{"name":"wp","href":"https:\/\/api.w.org\/{rel}","templated":true}]}}