{"id":84613,"date":"2026-09-03T19:28:00","date_gmt":"2026-09-04T01:28:00","guid":{"rendered":"https:\/\/labestiapolitica.com.mx\/?p=84613"},"modified":"2026-09-03T19:28:00","modified_gmt":"2026-09-04T01:28:00","slug":"brote-de-salmonella-afecta-a-135-medicos-en-el-hospital-general-de-mexico","status":"publish","type":"post","link":"https:\/\/labestiapolitica.com.mx\/?p=84613","title":{"rendered":"Brote de salmonella afecta a 135 m\u00e9dicos en el Hospital General de M\u00e9xico."},"content":{"rendered":"<div class=\"row nota_top\">\n<div class=\"col-12\">\n<ul>\n<li style=\"text-align: justify;\">El brote fue identificado el 31 de agosto, cuando se registr\u00f3 un incremento &#8216;s\u00fabito&#8217; de personas con s\u00edntomas gastrointestinales.<\/li>\n<\/ul>\n<div class=\"row d-flex justify-content-center align-items-center\" style=\"text-align: justify;\">\n<div class=\"col-5\">\n<address><span class=\"m-0 bold fC\"><em><strong>AN \/ AG<\/strong> <\/em>| <\/span>El\u00a0<strong>Hospital General de M\u00e9xico \u201cDr. Eduardo Liceaga\u201d inform\u00f3\u00a0un brote de gastroenteritis infecciosa aguda<\/strong>\u00a0entre\u00a0<strong>m\u00e9dicos<\/strong>\u00a0residentes y de alta especialidad.<\/p>\n<\/address>\n<\/div>\n<\/div>\n<\/div>\n<\/div>\n<div class=\"contenido\">\n<div class=\"w-100\">\n<div class=\"wrappercont\">\n<div style=\"text-align: justify;\">\n<p>Los casos fueron asociados temporalmente con el\u00a0<strong>consumo de alimentos proporcionados por el servicio subrogado de comedor<\/strong>.<\/p>\n<\/div>\n<div style=\"text-align: justify;\">\n<p>Hasta el 3 de septiembre de 2026,\u00a0<strong>135 m\u00e9dicos presentaron s\u00edntomas y 41 permanec\u00edan hospitalizados<\/strong>, todos estables y bajo vigilancia m\u00e9dica.<\/p>\n<\/div>\n<div style=\"text-align: justify;\">\n<p>Los principales s\u00edntomas que reportaron los m\u00e9dicos afectados por este brote fueron\u00a0<strong>dolor abdominal, diarrea, fiebre y v\u00f3mito.<\/strong><\/p>\n<\/div>\n<div style=\"text-align: justify;\">\n<p>La dependencia explic\u00f3 que como parte de la investigaci\u00f3n, se realizaron estudios de laboratorio que corroboraron la presencia de\u00a0<strong>Salmonella spp<\/strong>. en los casos analizados; en dos de ellos se identific\u00f3 adem\u00e1s confecci\u00f3n con Escherichia coli enterotoxig\u00e9nica (ETEC).<\/p>\n<\/div>\n<div style=\"text-align: justify;\">\n<p>Ante esta situaci\u00f3n, el Hospital General de M\u00e9xico\u00a0<strong>suspendi\u00f3 de manera inmediata el servicio subrogado de comedor para m\u00e9dicos<\/strong>\u00a0residentes y mantiene una estrategia de b\u00fasqueda y seguimiento de casos entre las personas potencialmente expuestas.<\/p>\n<\/div>\n<div>\n<p style=\"text-align: justify;\">La Secretar\u00eda de Salud a\u00f1adi\u00f3 que la investigaci\u00f3n epidemiol\u00f3gica y sanitaria contin\u00faa para\u00a0<strong>determinar la fuente espec\u00edfica de contaminaci\u00f3n<\/strong>\u00a0y establecer las medidas adicionales de prevenci\u00f3n y control.<\/p>\n<p style=\"text-align: justify;\"><span style=\"font-size: 14pt;\"><strong>Fuente: Aristegui<\/strong><\/span><\/p>\n<\/div>\n<\/div>\n<\/div>\n<\/div>\n","protected":false},"excerpt":{"rendered":"<p>El brote fue identificado el 31 de agosto, cuando se registr\u00f3 un incremento &#8216;s\u00fabito&#8217; de personas con s\u00edntomas gastrointestinales. AN \/ AG | El\u00a0Hospital General de M\u00e9xico \u201cDr. Eduardo Liceaga\u201d inform\u00f3\u00a0un brote de gastroenteritis infecciosa aguda\u00a0entre\u00a0m\u00e9dicos\u00a0residentes y de alta especialidad. Los casos fueron asociados temporalmente con el\u00a0consumo de alimentos proporcionados por el servicio subrogado de [&hellip;]<\/p>\n","protected":false},"author":5,"featured_media":84614,"comment_status":"open","ping_status":"open","sticky":false,"template":"","format":"standard","meta":{"footnotes":""},"categories":[12,7,8],"tags":[],"class_list":["post-84613","post","type-post","status-publish","format-standard","has-post-thumbnail","hentry","category-brujula-2026","category-ciudadanos","category-redes"],"amp_enabled":true,"_links":{"self":[{"href":"https:\/\/labestiapolitica.com.mx\/index.php?rest_route=\/wp\/v2\/posts\/84613","targetHints":{"allow":["GET"]}}],"collection":[{"href":"https:\/\/labestiapolitica.com.mx\/index.php?rest_route=\/wp\/v2\/posts"}],"about":[{"href":"https:\/\/labestiapolitica.com.mx\/index.php?rest_route=\/wp\/v2\/types\/post"}],"author":[{"embeddable":true,"href":"https:\/\/labestiapolitica.com.mx\/index.php?rest_route=\/wp\/v2\/users\/5"}],"replies":[{"embeddable":true,"href":"https:\/\/labestiapolitica.com.mx\/index.php?rest_route=%2Fwp%2Fv2%2Fcomments&post=84613"}],"version-history":[{"count":1,"href":"https:\/\/labestiapolitica.com.mx\/index.php?rest_route=\/wp\/v2\/posts\/84613\/revisions"}],"predecessor-version":[{"id":84615,"href":"https:\/\/labestiapolitica.com.mx\/index.php?rest_route=\/wp\/v2\/posts\/84613\/revisions\/84615"}],"wp:featuredmedia":[{"embeddable":true,"href":"https:\/\/labestiapolitica.com.mx\/index.php?rest_route=\/wp\/v2\/media\/84614"}],"wp:attachment":[{"href":"https:\/\/labestiapolitica.com.mx\/index.php?rest_route=%2Fwp%2Fv2%2Fmedia&parent=84613"}],"wp:term":[{"taxonomy":"category","embeddable":true,"href":"https:\/\/labestiapolitica.com.mx\/index.php?rest_route=%2Fwp%2Fv2%2Fcategories&post=84613"},{"taxonomy":"post_tag","embeddable":true,"href":"https:\/\/labestiapolitica.com.mx\/index.php?rest_route=%2Fwp%2Fv2%2Ftags&post=84613"}],"curies":[{"name":"wp","href":"https:\/\/api.w.org\/{rel}","templated":true}]}}