{"id":84619,"date":"2026-09-03T19:40:12","date_gmt":"2026-09-04T01:40:12","guid":{"rendered":"https:\/\/labestiapolitica.com.mx\/?p=84619"},"modified":"2026-09-03T19:40:12","modified_gmt":"2026-09-04T01:40:12","slug":"tlaxcala-se-sumara-al-segundo-simulacro-nacional-2026-para-fortalecer-la-cultura-de-proteccion-civil","status":"publish","type":"post","link":"https:\/\/labestiapolitica.com.mx\/?p=84619","title":{"rendered":"Tlaxcala se sumar\u00e1 al segundo Simulacro Nacional 2026 para fortalecer la cultura de protecci\u00f3n civil."},"content":{"rendered":"<ul>\n<li style=\"text-align: justify;\">El ejercicio se realizar\u00e1 a las 12:00 horas del s\u00e1bado 19 de septiembre, con una hip\u00f3tesis de un sismo de magnitud 7.7, con epicentro en Tehuac\u00e1n, Puebla.<\/li>\n<\/ul>\n<p style=\"text-align: justify;\">Tlaxcala se sumar\u00e1 al segundo Simulacro Nacional 2026 que se realizar\u00e1 el pr\u00f3ximo s\u00e1bado 19 de septiembre a las 12:00 horas, tiempo del centro del pa\u00eds, con el prop\u00f3sito de fomentar la cultura de la protecci\u00f3n civil en la poblaci\u00f3n y contribuir con el fortalecimiento de las capacidades de reacci\u00f3n de las unidades internas y sus brigadas ante la eventualidad de una emergencia o desastre.<\/p>\n<p style=\"text-align: justify;\">Durante su participaci\u00f3n en el Di\u00e1logo Circular de la Coordinaci\u00f3n de Comunicaci\u00f3n, el titular de Protecci\u00f3n Civil (CEPC) en el estado, Juvencio Nieto Galicia, destac\u00f3 que este ejercicio convocado por el Gobierno de M\u00e9xico, a trav\u00e9s de la Secretar\u00eda de Seguridad y Protecci\u00f3n Ciudadana y la Coordinaci\u00f3n Nacional de Protecci\u00f3n Civil, busca fortalecer la preparaci\u00f3n, coordinaci\u00f3n y capacidad de respuesta de los tres \u00f3rdenes de gobierno.<\/p>\n<p style=\"text-align: justify;\">\u201cLa importancia de estos simulacros, m\u00e1s all\u00e1 de lo molesto que pudiese ser para algunas personas, es que lo tengamos ya como una forma de reaccionar\u201d, indic\u00f3.<\/p>\n<p style=\"text-align: justify;\">El funcionario estatal detall\u00f3 que el escenario principal para la regi\u00f3n Centro considera una hip\u00f3tesis de un sismo de magnitud 7.7, con epicentro en Tehuac\u00e1n, Puebla; adem\u00e1s, se plantean escenarios en el Noroeste, Noreste, Pen\u00ednsula de Yucat\u00e1n y Golfo de Tehuantepec.<\/p>\n<p style=\"text-align: justify;\">\u201cHay que recordar que vivimos en una zona de riesgo, si bien es cierto que en Tlaxcala el subsuelo es en su mayor\u00eda rocoso, s\u00ed estamos en una zona s\u00edsmica, por lo cual es importante que en estos simulacros sepamos qu\u00e9 hacer y qu\u00e9 no hacer ante una eventualidad como est\u00e1\u201d, coment\u00f3.<\/p>\n<p style=\"text-align: justify;\">Nieto Galicia exhort\u00f3 a las familias, escuelas, centros laborales y espacios comunitarios a participar y registrar las viviendas, instituciones educativas, centros de trabajo y espacios comunitarios en la plataforma oficial https:\/\/simulacronacional.sspc.gob.mx\/segundosimulacronacional2026\/ y explic\u00f3 que al finalizar el simulacro podr\u00e1n descargar gratuitamente la constancia de participaci\u00f3n.<\/p>\n<p style=\"text-align: justify;\">\u201cInvitamos a que participen todos, a que nos sumemos todos a este simulacro, no solamente como familia, sino tambi\u00e9n en nuestro centro de trabajo, en las actividades que realicemos para que se fortalezca nuestra cultura de prevenci\u00f3n, repito, para saber qu\u00e9 hacer y qu\u00e9 no hacer ante un evento de este tipo\u201d, insisti\u00f3.<\/p>\n<p style=\"text-align: justify;\">Record\u00f3 que ante la presencia de un sismo se recomienda conservar la calma, evitar correr o gritar para no generar p\u00e1nico, dise\u00f1ar un plan de acci\u00f3n familiar, con compa\u00f1eros o vecinos, identificar las rutas de evacuaci\u00f3n y los puntos de reuni\u00f3n seguros, as\u00ed como asegurar muebles, cuadros o repisas que puedan caer y tener lista una mochila con documentos, agua, un botiqu\u00edn y una linterna.<\/p>\n<p>&nbsp;<\/p>\n<p><img loading=\"lazy\" decoding=\"async\" class=\"aligncenter wp-image-79046 size-large\" src=\"https:\/\/labestiapolitica.com.mx\/wp-content\/uploads\/2026\/07\/AJ-uni-819x1024.jpeg\" alt=\"\" width=\"640\" height=\"800\" srcset=\"https:\/\/labestiapolitica.com.mx\/wp-content\/uploads\/2026\/07\/AJ-uni-819x1024.jpeg 819w, https:\/\/labestiapolitica.com.mx\/wp-content\/uploads\/2026\/07\/AJ-uni-240x300.jpeg 240w, https:\/\/labestiapolitica.com.mx\/wp-content\/uploads\/2026\/07\/AJ-uni-768x960.jpeg 768w, https:\/\/labestiapolitica.com.mx\/wp-content\/uploads\/2026\/07\/AJ-uni.jpeg 1080w\" sizes=\"auto, (max-width: 640px) 100vw, 640px\" \/><\/p>\n","protected":false},"excerpt":{"rendered":"<p>El ejercicio se realizar\u00e1 a las 12:00 horas del s\u00e1bado 19 de septiembre, con una hip\u00f3tesis de un sismo de magnitud 7.7, con epicentro en Tehuac\u00e1n, Puebla. Tlaxcala se sumar\u00e1 al segundo Simulacro Nacional 2026 que se realizar\u00e1 el pr\u00f3ximo s\u00e1bado 19 de septiembre a las 12:00 horas, tiempo del centro del pa\u00eds, con el [&hellip;]<\/p>\n","protected":false},"author":5,"featured_media":84620,"comment_status":"open","ping_status":"open","sticky":false,"template":"","format":"standard","meta":{"footnotes":""},"categories":[236],"tags":[],"class_list":["post-84619","post","type-post","status-publish","format-standard","has-post-thumbnail","hentry","category-gobierno-de-tlaxcala"],"amp_enabled":true,"_links":{"self":[{"href":"https:\/\/labestiapolitica.com.mx\/index.php?rest_route=\/wp\/v2\/posts\/84619","targetHints":{"allow":["GET"]}}],"collection":[{"href":"https:\/\/labestiapolitica.com.mx\/index.php?rest_route=\/wp\/v2\/posts"}],"about":[{"href":"https:\/\/labestiapolitica.com.mx\/index.php?rest_route=\/wp\/v2\/types\/post"}],"author":[{"embeddable":true,"href":"https:\/\/labestiapolitica.com.mx\/index.php?rest_route=\/wp\/v2\/users\/5"}],"replies":[{"embeddable":true,"href":"https:\/\/labestiapolitica.com.mx\/index.php?rest_route=%2Fwp%2Fv2%2Fcomments&post=84619"}],"version-history":[{"count":1,"href":"https:\/\/labestiapolitica.com.mx\/index.php?rest_route=\/wp\/v2\/posts\/84619\/revisions"}],"predecessor-version":[{"id":84621,"href":"https:\/\/labestiapolitica.com.mx\/index.php?rest_route=\/wp\/v2\/posts\/84619\/revisions\/84621"}],"wp:featuredmedia":[{"embeddable":true,"href":"https:\/\/labestiapolitica.com.mx\/index.php?rest_route=\/wp\/v2\/media\/84620"}],"wp:attachment":[{"href":"https:\/\/labestiapolitica.com.mx\/index.php?rest_route=%2Fwp%2Fv2%2Fmedia&parent=84619"}],"wp:term":[{"taxonomy":"category","embeddable":true,"href":"https:\/\/labestiapolitica.com.mx\/index.php?rest_route=%2Fwp%2Fv2%2Fcategories&post=84619"},{"taxonomy":"post_tag","embeddable":true,"href":"https:\/\/labestiapolitica.com.mx\/index.php?rest_route=%2Fwp%2Fv2%2Ftags&post=84619"}],"curies":[{"name":"wp","href":"https:\/\/api.w.org\/{rel}","templated":true}]}}