{"id":84633,"date":"2026-09-03T20:15:48","date_gmt":"2026-09-04T02:15:48","guid":{"rendered":"https:\/\/labestiapolitica.com.mx\/?p=84633"},"modified":"2026-09-03T20:15:48","modified_gmt":"2026-09-04T02:15:48","slug":"celebra-uatx-40-anos-de-lengua-y-literatura-hispanoamericana-de-ffyl","status":"publish","type":"post","link":"https:\/\/labestiapolitica.com.mx\/?p=84633","title":{"rendered":"Celebra UATx 40 a\u00f1os de Lengua y Literatura Hispanoamericana de FFyL."},"content":{"rendered":"<ul>\n<li style=\"font-weight: 400; text-align: justify;\">Este aniversario es un llamado a seguir construyendo el futuro: Rector<\/li>\n<\/ul>\n<p style=\"font-weight: 400; text-align: justify;\">Al conmemorar el 40 aniversario de creaci\u00f3n del programa educativo en Lengua y Literatura Hispanoamericana de la Facultad de Filosof\u00eda y Letras (FFyL), el Maestro Alejandro Palma Su\u00e1rez, Rector de la Universidad Aut\u00f3noma de Tlaxcala (UATx), resalt\u00f3 \u00a0que hoy celebramos cuatro d\u00e9cadas de historia, compromiso y de trascendencia acad\u00e9mica, porque ha dado vida a generaciones de mujeres y hombres que desde la palabra han sabido interpretar, preservar y transformar nuestra identidad cultural.<\/p>\n<p style=\"font-weight: 400; text-align: justify;\">Teniendo como escenario\u00a0el Auditorio \u201cDiego Francisco Ortiz Parra\u201d, ante la comunidad docente, estudiantil y estructura directiva de la FFyL, el Maestro Alejandro Palma manifest\u00f3 que este aniversario es un llamado a seguir construyendo el futuro,\u00a0 porque la formaci\u00f3n de especialistas en Lengua y Literatura Hispanoamericana es un acto de responsabilidad\u00a0 social, porque\u00a0 va\u00a0 m\u00e1s all\u00e1\u00a0 de un\u00a0 ejercicio acad\u00e9mico, dado que cada egresado se convierte en guardi\u00e1n de la memoria colectiva, creador de nuevos sentidos y puente entre el pasado, presente y el futuro .<\/p>\n<p style=\"font-weight: 400; text-align: justify;\">Subray\u00f3 que el impacto de esta Licenciatura se refleja en las aulas,\u00a0 la investigaci\u00f3n, difusi\u00f3n cultural y en\u00a0 la construcci\u00f3n de una sociedad m\u00e1s cr\u00edtica y consciente, a cuatro d\u00e9cadas de creaci\u00f3n de esta Licenciatura recordamos que la autorrealizaci\u00f3n, que es principio fundamental del Modelo Humanista Integrador basado en Capacidades (MHIC), \u00a0se revela en cada estudiante que descubre en la Literatura un campo\u00a0 para comprenderse a s\u00ed mismo y para dialogar con el mundo, en virtud que la palabra se convierte en herramienta de plenitud, veh\u00edculo de libertad y compromiso con la transformaci\u00f3n social.<\/p>\n<p style=\"font-weight: 400; text-align: justify;\">El Rector especific\u00f3 que el MHIC nos recuerda que formar profesionistas es transmitir conocimientos y acompa\u00f1ar procesos de vida, y los egresados de este programa educativo son ejemplo de personas que han alcanzado la autorrealizaci\u00f3n a trav\u00e9s del estudio, la creaci\u00f3n y la ense\u00f1anza que contribuyen a que la sociedad sea m\u00e1s humana, m\u00e1s justa y consciente de su riqueza cultural.<\/p>\n<p style=\"font-weight: 400; text-align: justify;\">Por su parte, el Doctor Mario D\u00edaz Dom\u00ednguez, Director de la FFyL, al rememorar las aportaciones de acad\u00e9micos que han pasado por las aulas de Lengua y Literatura Hispanoamericana, expuso que estas disciplinas seguir\u00e1n siendo ese di\u00e1logo vivo y una conexi\u00f3n entre el texto y su lector, porque fusiona horizontes entre estudiantes, docentes, directivos, en virtud que ha sido un medio de suma importancia en la sociedad.<\/p>\n<p style=\"font-weight: 400; text-align: justify;\">En tanto la Doctora Olga lidia Ayometzi Sastr\u00e9, Coordinadora de la Licenciatura en Lengua y Literatura Hispanoamericana, dijo que la labor de este programa se refleja en las aulas y de manera especial en las 35 generaciones de egresados y en los 334 titulados, as\u00ed como en la promoci\u00f3n y difusi\u00f3n de la investigaci\u00f3n, en las actividades culturales y literarias que han llevado a la consolidaci\u00f3n de la formaci\u00f3n de los educandos.<\/p>\n<p style=\"font-weight: 400; text-align: justify;\">Como parte de la inauguraci\u00f3n, se proyect\u00f3 un v\u00eddeo conmemorativo por los 40 a\u00f1os de creaci\u00f3n de la Licenciatura en Lengua y Literatura Hispanoamericana. Y el programa incluy\u00f3\u00a0 mesas de di\u00e1logo con estudiantes egresados y docentes para reafirmar que este programa educativo constituye uno de los programas con mayor influencia en la sociedad tlaxcalteca.f<\/p>\n","protected":false},"excerpt":{"rendered":"<p>Este aniversario es un llamado a seguir construyendo el futuro: Rector Al conmemorar el 40 aniversario de creaci\u00f3n del programa educativo en Lengua y Literatura Hispanoamericana de la Facultad de Filosof\u00eda y Letras (FFyL), el Maestro Alejandro Palma Su\u00e1rez, Rector de la Universidad Aut\u00f3noma de Tlaxcala (UATx), resalt\u00f3 \u00a0que hoy celebramos cuatro d\u00e9cadas de historia, [&hellip;]<\/p>\n","protected":false},"author":5,"featured_media":84634,"comment_status":"open","ping_status":"open","sticky":false,"template":"","format":"standard","meta":{"footnotes":""},"categories":[213,241],"tags":[],"class_list":["post-84633","post","type-post","status-publish","format-standard","has-post-thumbnail","hentry","category-educacion","category-uatx"],"amp_enabled":true,"_links":{"self":[{"href":"https:\/\/labestiapolitica.com.mx\/index.php?rest_route=\/wp\/v2\/posts\/84633","targetHints":{"allow":["GET"]}}],"collection":[{"href":"https:\/\/labestiapolitica.com.mx\/index.php?rest_route=\/wp\/v2\/posts"}],"about":[{"href":"https:\/\/labestiapolitica.com.mx\/index.php?rest_route=\/wp\/v2\/types\/post"}],"author":[{"embeddable":true,"href":"https:\/\/labestiapolitica.com.mx\/index.php?rest_route=\/wp\/v2\/users\/5"}],"replies":[{"embeddable":true,"href":"https:\/\/labestiapolitica.com.mx\/index.php?rest_route=%2Fwp%2Fv2%2Fcomments&post=84633"}],"version-history":[{"count":1,"href":"https:\/\/labestiapolitica.com.mx\/index.php?rest_route=\/wp\/v2\/posts\/84633\/revisions"}],"predecessor-version":[{"id":84635,"href":"https:\/\/labestiapolitica.com.mx\/index.php?rest_route=\/wp\/v2\/posts\/84633\/revisions\/84635"}],"wp:featuredmedia":[{"embeddable":true,"href":"https:\/\/labestiapolitica.com.mx\/index.php?rest_route=\/wp\/v2\/media\/84634"}],"wp:attachment":[{"href":"https:\/\/labestiapolitica.com.mx\/index.php?rest_route=%2Fwp%2Fv2%2Fmedia&parent=84633"}],"wp:term":[{"taxonomy":"category","embeddable":true,"href":"https:\/\/labestiapolitica.com.mx\/index.php?rest_route=%2Fwp%2Fv2%2Fcategories&post=84633"},{"taxonomy":"post_tag","embeddable":true,"href":"https:\/\/labestiapolitica.com.mx\/index.php?rest_route=%2Fwp%2Fv2%2Ftags&post=84633"}],"curies":[{"name":"wp","href":"https:\/\/api.w.org\/{rel}","templated":true}]}}