{"id":84636,"date":"2026-09-03T20:19:09","date_gmt":"2026-09-04T02:19:09","guid":{"rendered":"https:\/\/labestiapolitica.com.mx\/?p=84636"},"modified":"2026-09-03T20:19:30","modified_gmt":"2026-09-04T02:19:30","slug":"zacatelco-fortalece-su-infraestructura-urbana-con-el-inicio-de-obra-en-privada-los-pinos","status":"publish","type":"post","link":"https:\/\/labestiapolitica.com.mx\/?p=84636","title":{"rendered":"Zacatelco fortalece su infraestructura urbana con el inicio de obra en Privada Los Pinos."},"content":{"rendered":"<p style=\"text-align: justify;\">El Gobierno Municipal de Zacatelco, encabezado por el presidente municipal Jos\u00e9 Miguel Acatzi Luna, dio el banderazo de inicio a los trabajos de construcci\u00f3n de infraestructura vial en la Privada Los Pinos, ubicada en la Cuarta Secci\u00f3n, como parte de las acciones emprendidas para mejorar las condiciones de movilidad y el entorno urbano de las familias zacatelquenses.<\/p>\n<p>La obra contempla la construcci\u00f3n de 276.60 metros lineales de guarniciones y 574.20 metros cuadrados de pavimento de adoqu\u00edn, trabajos que permitir\u00e1n mejorar las condiciones de acceso y tr\u00e1nsito para quienes habitan en esta zona.<\/p>\n<p>Durante su mensaje, el presidente municipal Jos\u00e9 Miguel Acatzi Luna destac\u00f3 que el inicio de esta obra es resultado del trabajo coordinado de su administraci\u00f3n y se\u00f1al\u00f3 que las condiciones que anteriormente presentaba la vialidad se complicaban especialmente durante la temporada de lluvias.<\/p>\n<p>\u201cEste trabajo se ha dado gracias al equipo de trabajo. Por las condiciones de la calle y, en estas lluvias, a veces nos tocaba caminar entre lodo; ahora esto beneficia directamente con unas mejores vialidades\u201d.<\/p>\n<p>El presidente enfatiz\u00f3 que las acciones de obra p\u00fablica continuar\u00e1n desarroll\u00e1ndose en las diferentes secciones del municipio, con el objetivo de atender las necesidades de infraestructura de las comunidades.<\/p>\n<p>\u201cEn cada secci\u00f3n tendremos obras y esta es una de las que empezaremos aqu\u00ed, en la Cuarta Secci\u00f3n\u201d.<\/p>\n<p>Asimismo, felicit\u00f3 a las y los vecinos de la Privada Los Pinos por la llegada de esta obra y refrend\u00f3 el compromiso de continuar trabajando para mejorar las vialidades y generar mejores condiciones para las familias de Zacatelco.<\/p>\n<p>En el evento estuvieron presentes la s\u00edndico municipal, Nancy Ju\u00e1rez Corte; el presidente de comunidad, Eleazar Romero; el primer regidor, Gabriel D\u00edaz, as\u00ed como vecinas y vecinos de la zona.<\/p>\n<p>Con el inicio de estos trabajos, el Gobierno Municipal refrenda su compromiso de impulsar obra p\u00fablica en las distintas secciones de Zacatelco, atendiendo las necesidades prioritarias de la poblaci\u00f3n y fortaleciendo la infraestructura urbana.<\/p>\n<p>&nbsp;<\/p>\n<p><img loading=\"lazy\" decoding=\"async\" class=\"aligncenter wp-image-79046 size-large\" src=\"https:\/\/labestiapolitica.com.mx\/wp-content\/uploads\/2026\/07\/AJ-uni-819x1024.jpeg\" alt=\"\" width=\"640\" height=\"800\" srcset=\"https:\/\/labestiapolitica.com.mx\/wp-content\/uploads\/2026\/07\/AJ-uni-819x1024.jpeg 819w, https:\/\/labestiapolitica.com.mx\/wp-content\/uploads\/2026\/07\/AJ-uni-240x300.jpeg 240w, https:\/\/labestiapolitica.com.mx\/wp-content\/uploads\/2026\/07\/AJ-uni-768x960.jpeg 768w, https:\/\/labestiapolitica.com.mx\/wp-content\/uploads\/2026\/07\/AJ-uni.jpeg 1080w\" sizes=\"auto, (max-width: 640px) 100vw, 640px\" \/><\/p>\n","protected":false},"excerpt":{"rendered":"<p>El Gobierno Municipal de Zacatelco, encabezado por el presidente municipal Jos\u00e9 Miguel Acatzi Luna, dio el banderazo de inicio a los trabajos de construcci\u00f3n de infraestructura vial en la Privada Los Pinos, ubicada en la Cuarta Secci\u00f3n, como parte de las acciones emprendidas para mejorar las condiciones de movilidad y el entorno urbano de las [&hellip;]<\/p>\n","protected":false},"author":5,"featured_media":84637,"comment_status":"open","ping_status":"open","sticky":false,"template":"","format":"standard","meta":{"footnotes":""},"categories":[216,217],"tags":[],"class_list":["post-84636","post","type-post","status-publish","format-standard","has-post-thumbnail","hentry","category-municipios","category-zacatelco"],"amp_enabled":true,"_links":{"self":[{"href":"https:\/\/labestiapolitica.com.mx\/index.php?rest_route=\/wp\/v2\/posts\/84636","targetHints":{"allow":["GET"]}}],"collection":[{"href":"https:\/\/labestiapolitica.com.mx\/index.php?rest_route=\/wp\/v2\/posts"}],"about":[{"href":"https:\/\/labestiapolitica.com.mx\/index.php?rest_route=\/wp\/v2\/types\/post"}],"author":[{"embeddable":true,"href":"https:\/\/labestiapolitica.com.mx\/index.php?rest_route=\/wp\/v2\/users\/5"}],"replies":[{"embeddable":true,"href":"https:\/\/labestiapolitica.com.mx\/index.php?rest_route=%2Fwp%2Fv2%2Fcomments&post=84636"}],"version-history":[{"count":2,"href":"https:\/\/labestiapolitica.com.mx\/index.php?rest_route=\/wp\/v2\/posts\/84636\/revisions"}],"predecessor-version":[{"id":84639,"href":"https:\/\/labestiapolitica.com.mx\/index.php?rest_route=\/wp\/v2\/posts\/84636\/revisions\/84639"}],"wp:featuredmedia":[{"embeddable":true,"href":"https:\/\/labestiapolitica.com.mx\/index.php?rest_route=\/wp\/v2\/media\/84637"}],"wp:attachment":[{"href":"https:\/\/labestiapolitica.com.mx\/index.php?rest_route=%2Fwp%2Fv2%2Fmedia&parent=84636"}],"wp:term":[{"taxonomy":"category","embeddable":true,"href":"https:\/\/labestiapolitica.com.mx\/index.php?rest_route=%2Fwp%2Fv2%2Fcategories&post=84636"},{"taxonomy":"post_tag","embeddable":true,"href":"https:\/\/labestiapolitica.com.mx\/index.php?rest_route=%2Fwp%2Fv2%2Ftags&post=84636"}],"curies":[{"name":"wp","href":"https:\/\/api.w.org\/{rel}","templated":true}]}}