{"id":84640,"date":"2026-09-03T20:22:03","date_gmt":"2026-09-04T02:22:03","guid":{"rendered":"https:\/\/labestiapolitica.com.mx\/?p=84640"},"modified":"2026-09-03T20:25:19","modified_gmt":"2026-09-04T02:25:19","slug":"invitan-a-deportistas-de-zacatelco-a-participar-en-el-traslado-del-fuego-simbolico-por-las-fiestas-patrias","status":"publish","type":"post","link":"https:\/\/labestiapolitica.com.mx\/?p=84640","title":{"rendered":"Invitan a deportistas de Zacatelco a participar en el traslado del Fuego Simb\u00f3lico por las Fiestas Patrias."},"content":{"rendered":"<p style=\"text-align: justify;\">En el marco de las celebraciones por las Fiestas Patrias 2026, el Gobierno Municipal de Zacatelco, encabezado por el presidente municipal Jos\u00e9 Miguel Acatzi Luna, a trav\u00e9s de la Coordinaci\u00f3n de Deporte, representada por Rogelio Rojas, convoca a las y los deportistas del municipio a participar en el tradicional traslado del Fuego Simb\u00f3lico, que se llevar\u00e1 a cabo el pr\u00f3ximo 15 de septiembre.<\/p>\n<p>Esta actividad forma parte de las celebraciones patrias y representa una oportunidad para que la comunidad deportiva se sume a una tradici\u00f3n que fortalece la identidad, la unidad y el orgullo de ser mexicanos.<\/p>\n<p>El Gobierno Municipal invita a las y los deportistas interesados a participar activamente en este recorrido, llevando consigo el entusiasmo, la disciplina y el esp\u00edritu de unidad que caracterizan a la comunidad deportiva zacatelquense.<\/p>\n<p>Para conocer mayores detalles sobre la participaci\u00f3n y organizaci\u00f3n del traslado, las personas interesadas pueden acudir a la Coordinaci\u00f3n de Deporte, ubicada en el Polideportivo, en un horario de 9:00 a 16:00 horas.<\/p>\n<p>Adem\u00e1s de fomentar la participaci\u00f3n ciudadana, este tipo de actividades contribuye a promover la pr\u00e1ctica deportiva, la activaci\u00f3n f\u00edsica y h\u00e1bitos de vida saludables, al tiempo que fortalece los v\u00ednculos entre la comunidad.<\/p>\n<p>Con estas acciones, el Gobierno Municipal contin\u00faa impulsando el deporte y la participaci\u00f3n de las y los zacatelquenses en las tradiciones que fortalecen la identidad.<\/p>\n<p>&nbsp;<\/p>\n<p><img loading=\"lazy\" decoding=\"async\" class=\"aligncenter wp-image-79046 size-large\" src=\"https:\/\/labestiapolitica.com.mx\/wp-content\/uploads\/2026\/07\/AJ-uni-819x1024.jpeg\" alt=\"\" width=\"640\" height=\"800\" srcset=\"https:\/\/labestiapolitica.com.mx\/wp-content\/uploads\/2026\/07\/AJ-uni-819x1024.jpeg 819w, https:\/\/labestiapolitica.com.mx\/wp-content\/uploads\/2026\/07\/AJ-uni-240x300.jpeg 240w, https:\/\/labestiapolitica.com.mx\/wp-content\/uploads\/2026\/07\/AJ-uni-768x960.jpeg 768w, https:\/\/labestiapolitica.com.mx\/wp-content\/uploads\/2026\/07\/AJ-uni.jpeg 1080w\" sizes=\"auto, (max-width: 640px) 100vw, 640px\" \/><\/p>\n","protected":false},"excerpt":{"rendered":"<p>En el marco de las celebraciones por las Fiestas Patrias 2026, el Gobierno Municipal de Zacatelco, encabezado por el presidente municipal Jos\u00e9 Miguel Acatzi Luna, a trav\u00e9s de la Coordinaci\u00f3n de Deporte, representada por Rogelio Rojas, convoca a las y los deportistas del municipio a participar en el tradicional traslado del Fuego Simb\u00f3lico, que se [&hellip;]<\/p>\n","protected":false},"author":5,"featured_media":84644,"comment_status":"open","ping_status":"open","sticky":false,"template":"","format":"standard","meta":{"footnotes":""},"categories":[216,217],"tags":[],"class_list":["post-84640","post","type-post","status-publish","format-standard","has-post-thumbnail","hentry","category-municipios","category-zacatelco"],"amp_enabled":true,"_links":{"self":[{"href":"https:\/\/labestiapolitica.com.mx\/index.php?rest_route=\/wp\/v2\/posts\/84640","targetHints":{"allow":["GET"]}}],"collection":[{"href":"https:\/\/labestiapolitica.com.mx\/index.php?rest_route=\/wp\/v2\/posts"}],"about":[{"href":"https:\/\/labestiapolitica.com.mx\/index.php?rest_route=\/wp\/v2\/types\/post"}],"author":[{"embeddable":true,"href":"https:\/\/labestiapolitica.com.mx\/index.php?rest_route=\/wp\/v2\/users\/5"}],"replies":[{"embeddable":true,"href":"https:\/\/labestiapolitica.com.mx\/index.php?rest_route=%2Fwp%2Fv2%2Fcomments&post=84640"}],"version-history":[{"count":2,"href":"https:\/\/labestiapolitica.com.mx\/index.php?rest_route=\/wp\/v2\/posts\/84640\/revisions"}],"predecessor-version":[{"id":84645,"href":"https:\/\/labestiapolitica.com.mx\/index.php?rest_route=\/wp\/v2\/posts\/84640\/revisions\/84645"}],"wp:featuredmedia":[{"embeddable":true,"href":"https:\/\/labestiapolitica.com.mx\/index.php?rest_route=\/wp\/v2\/media\/84644"}],"wp:attachment":[{"href":"https:\/\/labestiapolitica.com.mx\/index.php?rest_route=%2Fwp%2Fv2%2Fmedia&parent=84640"}],"wp:term":[{"taxonomy":"category","embeddable":true,"href":"https:\/\/labestiapolitica.com.mx\/index.php?rest_route=%2Fwp%2Fv2%2Fcategories&post=84640"},{"taxonomy":"post_tag","embeddable":true,"href":"https:\/\/labestiapolitica.com.mx\/index.php?rest_route=%2Fwp%2Fv2%2Ftags&post=84640"}],"curies":[{"name":"wp","href":"https:\/\/api.w.org\/{rel}","templated":true}]}}