{"id":84643,"date":"2026-09-03T20:28:12","date_gmt":"2026-09-04T02:28:12","guid":{"rendered":"https:\/\/labestiapolitica.com.mx\/?p=84643"},"modified":"2026-09-03T20:28:22","modified_gmt":"2026-09-04T02:28:22","slug":"impulsa-blanca-aguila-lima-agenda-legislativa-prioritaria-en-salud-y-rendicion-de-cuentas-para-tlaxcala","status":"publish","type":"post","link":"https:\/\/labestiapolitica.com.mx\/?p=84643","title":{"rendered":"Impulsa Blanca \u00c1guila Lima agenda legislativa prioritaria en salud y rendici\u00f3n de cuentas para Tlaxcala."},"content":{"rendered":"<p style=\"text-align: justify;\">La diputada local independiente Blanca \u00c1guila Lima, present\u00f3 las iniciativas que promover\u00e1 durante el primer periodo ordinario de sesiones del tercer a\u00f1o de ejercicio legal de la LXV Legislatura del Congreso del Estado de Tlaxcala, con una agenda enfocada en fortalecer la salud p\u00fablica, la protecci\u00f3n materna y la transparencia institucional.<\/p>\n<p style=\"text-align: justify;\">Como parte de su programa legislativo, la congresista propondr\u00e1 la creaci\u00f3n de la Ley de Herbolaria y Fitoterapia en el Sistema de Salud del Estado de Tlaxcala, con el prop\u00f3sito de avanzar hacia un marco jur\u00eddico que reconozca y regule estas pr\u00e1cticas dentro del \u00e1mbito sanitario estatal.<\/p>\n<p style=\"text-align: justify;\">Asimismo, impulsar\u00e1 la Ley de Salud Materna y Perinatal del Estado de Tlaxcala, una propuesta orientada a fortalecer la atenci\u00f3n y protecci\u00f3n de las mujeres durante el embarazo, parto y puerperio, as\u00ed como el cuidado integral de las ni\u00f1as y los ni\u00f1os durante la etapa perinatal.<\/p>\n<p style=\"text-align: justify;\">En materia de transparencia, \u00c1guila Lima presentar\u00e1 una iniciativa para reformar y adicionar diversas disposiciones de la Ley de Fiscalizaci\u00f3n Superior y Rendici\u00f3n de Cuentas del Estado de Tlaxcala y sus Municipios, a fin de contribuir al fortalecimiento de la vigilancia y el uso responsable de los recursos p\u00fablicos.<\/p>\n<p style=\"text-align: justify;\">Como parte de su agenda legislativa, Blanca \u00c1guila Lima destac\u00f3 que estas propuestas responden a temas prioritarios para la poblaci\u00f3n tlaxcalteca y forman parte de un ejercicio legislativo comprometido con la actualizaci\u00f3n del marco normativo y la construcci\u00f3n de mejores condiciones de bienestar social.<\/p>\n<p style=\"text-align: justify;\">Por ello, confi\u00f3 en que, una vez que sean sometidas al an\u00e1lisis y estudio de las comisiones legislativas ordinarias correspondientes, tengan la celeridad necesaria para ser aprobadas antes de que concluya el presente periodo legislativo.<\/p>\n<p style=\"text-align: justify;\">Con esta agenda, Blanca \u00c1guila Lima refrenda su compromiso de mantener un trabajo legislativo responsable, cercano a las necesidades ciudadanas y dirigido a generar leyes que favorezcan el derecho a la salud, la protecci\u00f3n de las familias y la rendici\u00f3n de cuentas en Tlaxcala.<\/p>\n<p>&nbsp;<\/p>\n<p><img loading=\"lazy\" decoding=\"async\" class=\"aligncenter wp-image-79046 size-large\" src=\"https:\/\/labestiapolitica.com.mx\/wp-content\/uploads\/2026\/07\/AJ-uni-819x1024.jpeg\" alt=\"\" width=\"640\" height=\"800\" srcset=\"https:\/\/labestiapolitica.com.mx\/wp-content\/uploads\/2026\/07\/AJ-uni-819x1024.jpeg 819w, https:\/\/labestiapolitica.com.mx\/wp-content\/uploads\/2026\/07\/AJ-uni-240x300.jpeg 240w, https:\/\/labestiapolitica.com.mx\/wp-content\/uploads\/2026\/07\/AJ-uni-768x960.jpeg 768w, https:\/\/labestiapolitica.com.mx\/wp-content\/uploads\/2026\/07\/AJ-uni.jpeg 1080w\" sizes=\"auto, (max-width: 640px) 100vw, 640px\" \/><\/p>\n","protected":false},"excerpt":{"rendered":"<p>La diputada local independiente Blanca \u00c1guila Lima, present\u00f3 las iniciativas que promover\u00e1 durante el primer periodo ordinario de sesiones del tercer a\u00f1o de ejercicio legal de la LXV Legislatura del Congreso del Estado de Tlaxcala, con una agenda enfocada en fortalecer la salud p\u00fablica, la protecci\u00f3n materna y la transparencia institucional. Como parte de su [&hellip;]<\/p>\n","protected":false},"author":5,"featured_media":84646,"comment_status":"open","ping_status":"open","sticky":false,"template":"","format":"standard","meta":{"footnotes":""},"categories":[7,247],"tags":[],"class_list":["post-84643","post","type-post","status-publish","format-standard","has-post-thumbnail","hentry","category-ciudadanos","category-politica"],"amp_enabled":true,"_links":{"self":[{"href":"https:\/\/labestiapolitica.com.mx\/index.php?rest_route=\/wp\/v2\/posts\/84643","targetHints":{"allow":["GET"]}}],"collection":[{"href":"https:\/\/labestiapolitica.com.mx\/index.php?rest_route=\/wp\/v2\/posts"}],"about":[{"href":"https:\/\/labestiapolitica.com.mx\/index.php?rest_route=\/wp\/v2\/types\/post"}],"author":[{"embeddable":true,"href":"https:\/\/labestiapolitica.com.mx\/index.php?rest_route=\/wp\/v2\/users\/5"}],"replies":[{"embeddable":true,"href":"https:\/\/labestiapolitica.com.mx\/index.php?rest_route=%2Fwp%2Fv2%2Fcomments&post=84643"}],"version-history":[{"count":1,"href":"https:\/\/labestiapolitica.com.mx\/index.php?rest_route=\/wp\/v2\/posts\/84643\/revisions"}],"predecessor-version":[{"id":84647,"href":"https:\/\/labestiapolitica.com.mx\/index.php?rest_route=\/wp\/v2\/posts\/84643\/revisions\/84647"}],"wp:featuredmedia":[{"embeddable":true,"href":"https:\/\/labestiapolitica.com.mx\/index.php?rest_route=\/wp\/v2\/media\/84646"}],"wp:attachment":[{"href":"https:\/\/labestiapolitica.com.mx\/index.php?rest_route=%2Fwp%2Fv2%2Fmedia&parent=84643"}],"wp:term":[{"taxonomy":"category","embeddable":true,"href":"https:\/\/labestiapolitica.com.mx\/index.php?rest_route=%2Fwp%2Fv2%2Fcategories&post=84643"},{"taxonomy":"post_tag","embeddable":true,"href":"https:\/\/labestiapolitica.com.mx\/index.php?rest_route=%2Fwp%2Fv2%2Ftags&post=84643"}],"curies":[{"name":"wp","href":"https:\/\/api.w.org\/{rel}","templated":true}]}}