{"id":84654,"date":"2026-09-03T20:38:49","date_gmt":"2026-09-04T02:38:49","guid":{"rendered":"https:\/\/labestiapolitica.com.mx\/?p=84654"},"modified":"2026-09-03T20:38:49","modified_gmt":"2026-09-04T02:38:49","slug":"respalda-laura-flores-actividades-por-el-dia-mundial-de-la-limpieza-en-tlaxcala","status":"publish","type":"post","link":"https:\/\/labestiapolitica.com.mx\/?p=84654","title":{"rendered":"Respalda Laura Flores actividades por el D\u00eda Mundial de la Limpieza en Tlaxcala."},"content":{"rendered":"<p style=\"font-weight: 400; text-align: justify;\">En el Sal\u00f3n Rojo del Congreso del Estado, la diputada Laura Yamili Flores Lozano acompa\u00f1\u00f3 la presentaci\u00f3n de las actividades que se llevar\u00e1n a cabo en Tlaxcala el pr\u00f3ximo 19 de septiembre, con motivo del D\u00eda Mundial de la Limpieza, coordinadas por la organizaci\u00f3n no gubernamental Toktli Educaci\u00f3n Ambiental, que preside la activista Hilda Margarita Castro, en colaboraci\u00f3n con diversas organizaciones civiles, comerciales y artesanales.<\/p>\n<p style=\"font-weight: 400; text-align: justify;\">Flores Lozano destac\u00f3 la importancia de difundir y participar en las iniciativas que surgen desde la sociedad civil en favor del cuidado del entorno, al se\u00f1alar que la protecci\u00f3n del medio ambiente requiere la participaci\u00f3n conjunta de autoridades, ciudadan\u00eda y organizaciones, con acciones que contribuyan al bienestar colectivo y a mejorar la calidad de vida de las y los tlaxcaltecas.<\/p>\n<p style=\"font-weight: 400; text-align: justify;\">Como parte de la jornada, a partir de las 11:00 horas, el Congreso del Estado ser\u00e1 sede del evento \u201cEcocanjea\u201d, en el que la ciudadan\u00eda podr\u00e1 intercambiar residuos s\u00f3lidos urbanos, entre ellos pl\u00e1sticos PET y HDPE, envases de Tetra Pak, cart\u00f3n, hojas de papel, aceite de cocina usado, botellas y frascos de vidrio, latas de aluminio, envases de hojalata y acero, colillas de cigarro depositadas en botellas de pl\u00e1stico y tapas de pl\u00e1stico, por productos gratuitos, promociones o descuentos en distintos servicios.<\/p>\n<p style=\"font-weight: 400; text-align: justify;\">Finalmente, la diputada Laura Flores invit\u00f3 a la ciudadan\u00eda a consultar la cartelera completa en las redes sociales de Toktli Educaci\u00f3n Ambiental y a sumarse a las actividades programadas de las 8:30 a las 18:30 horas, con las que Tlaxcala formar\u00e1 parte de los esfuerzos del D\u00eda Mundial de la Limpieza, iniciativa que promueve la participaci\u00f3n social en favor del cuidado del medio ambiente.<\/p>\n<p>&nbsp;<\/p>\n<p><img loading=\"lazy\" decoding=\"async\" class=\"aligncenter wp-image-79046 size-large\" src=\"https:\/\/labestiapolitica.com.mx\/wp-content\/uploads\/2026\/07\/AJ-uni-819x1024.jpeg\" alt=\"\" width=\"640\" height=\"800\" srcset=\"https:\/\/labestiapolitica.com.mx\/wp-content\/uploads\/2026\/07\/AJ-uni-819x1024.jpeg 819w, https:\/\/labestiapolitica.com.mx\/wp-content\/uploads\/2026\/07\/AJ-uni-240x300.jpeg 240w, https:\/\/labestiapolitica.com.mx\/wp-content\/uploads\/2026\/07\/AJ-uni-768x960.jpeg 768w, https:\/\/labestiapolitica.com.mx\/wp-content\/uploads\/2026\/07\/AJ-uni.jpeg 1080w\" sizes=\"auto, (max-width: 640px) 100vw, 640px\" \/><\/p>\n","protected":false},"excerpt":{"rendered":"<p>En el Sal\u00f3n Rojo del Congreso del Estado, la diputada Laura Yamili Flores Lozano acompa\u00f1\u00f3 la presentaci\u00f3n de las actividades que se llevar\u00e1n a cabo en Tlaxcala el pr\u00f3ximo 19 de septiembre, con motivo del D\u00eda Mundial de la Limpieza, coordinadas por la organizaci\u00f3n no gubernamental Toktli Educaci\u00f3n Ambiental, que preside la activista Hilda Margarita [&hellip;]<\/p>\n","protected":false},"author":5,"featured_media":84655,"comment_status":"open","ping_status":"open","sticky":false,"template":"","format":"standard","meta":{"footnotes":""},"categories":[224,247],"tags":[],"class_list":["post-84654","post","type-post","status-publish","format-standard","has-post-thumbnail","hentry","category-congreso-del-estado-de-tlaxcala","category-politica"],"amp_enabled":true,"_links":{"self":[{"href":"https:\/\/labestiapolitica.com.mx\/index.php?rest_route=\/wp\/v2\/posts\/84654","targetHints":{"allow":["GET"]}}],"collection":[{"href":"https:\/\/labestiapolitica.com.mx\/index.php?rest_route=\/wp\/v2\/posts"}],"about":[{"href":"https:\/\/labestiapolitica.com.mx\/index.php?rest_route=\/wp\/v2\/types\/post"}],"author":[{"embeddable":true,"href":"https:\/\/labestiapolitica.com.mx\/index.php?rest_route=\/wp\/v2\/users\/5"}],"replies":[{"embeddable":true,"href":"https:\/\/labestiapolitica.com.mx\/index.php?rest_route=%2Fwp%2Fv2%2Fcomments&post=84654"}],"version-history":[{"count":1,"href":"https:\/\/labestiapolitica.com.mx\/index.php?rest_route=\/wp\/v2\/posts\/84654\/revisions"}],"predecessor-version":[{"id":84656,"href":"https:\/\/labestiapolitica.com.mx\/index.php?rest_route=\/wp\/v2\/posts\/84654\/revisions\/84656"}],"wp:featuredmedia":[{"embeddable":true,"href":"https:\/\/labestiapolitica.com.mx\/index.php?rest_route=\/wp\/v2\/media\/84655"}],"wp:attachment":[{"href":"https:\/\/labestiapolitica.com.mx\/index.php?rest_route=%2Fwp%2Fv2%2Fmedia&parent=84654"}],"wp:term":[{"taxonomy":"category","embeddable":true,"href":"https:\/\/labestiapolitica.com.mx\/index.php?rest_route=%2Fwp%2Fv2%2Fcategories&post=84654"},{"taxonomy":"post_tag","embeddable":true,"href":"https:\/\/labestiapolitica.com.mx\/index.php?rest_route=%2Fwp%2Fv2%2Ftags&post=84654"}],"curies":[{"name":"wp","href":"https:\/\/api.w.org\/{rel}","templated":true}]}}