{"id":84657,"date":"2026-09-03T20:46:08","date_gmt":"2026-09-04T02:46:08","guid":{"rendered":"https:\/\/labestiapolitica.com.mx\/?p=84657"},"modified":"2026-09-03T20:46:08","modified_gmt":"2026-09-04T02:46:08","slug":"mantienen-gobierno-estatal-y-uatx-colaboracion-para-favorecer-educacion-y-transformacion-social","status":"publish","type":"post","link":"https:\/\/labestiapolitica.com.mx\/?p=84657","title":{"rendered":"Mantienen Gobierno estatal y UATx colaboraci\u00f3n para favorecer educaci\u00f3n y transformaci\u00f3n social."},"content":{"rendered":"<p style=\"font-weight: 400; text-align: justify;\">El Gobierno del Estado de Tlaxcala y la Universidad Aut\u00f3noma de Tlaxcala (UATx) seguir\u00e1n manteniendo estrechos lazos de colaboraci\u00f3n en beneficio de la sociedad tlaxcalteca y de la educaci\u00f3n en todos sus niveles, as\u00ed qued\u00f3 de manifiesto durante el encuentro que sostuvieron este d\u00eda la Gobernadora, Licenciada Lorena Cu\u00e9llar Cisneros, y el Rector, Maestro Alejandro Palma Su\u00e1rez.<\/p>\n<p style=\"font-weight: 400; text-align: justify;\">Durante el encuentro que tuvo lugar en Palacio de Gobierno, la Mandataria expres\u00f3 que la Universidad seguir\u00e1 contando con el respaldo del gobierno estatal, tal y como ha sucedido desde que ella asumi\u00f3 la titularidad del Ejecutivo local y que permiti\u00f3 impulsar diversos proyectos durante la gesti\u00f3n del exrector Doctor Seraf\u00edn Ortiz Ortiz.<\/p>\n<p style=\"font-weight: 400; text-align: justify;\">El Maestro Alejandro Palma entreg\u00f3 a la Licenciada Cu\u00e9llar Cisneros un cat\u00e1logo de cursos y de productos que pueden interesar a diversas \u00e1reas del Gobierno, adem\u00e1s, se agendar\u00e1 una reuni\u00f3n con los titulares de los centros de investigaci\u00f3n de la UATx para ver c\u00f3mo pueden incidir en problemas concretos del estado de Tlaxcala.<\/p>\n<p style=\"font-weight: 400; text-align: justify;\">Acompa\u00f1aron al Rector en esta salutaci\u00f3n con la Mandataria, los secretarios de la UATx en un encuentro c\u00e1lido y significativo, que se dio luego del relevo institucional en la gesti\u00f3n universitaria el pasado 31 de julio.<\/p>\n<p style=\"font-weight: 400; text-align: justify;\">De igual forma, el Maestro Alejandro Palma patentiz\u00f3 el respeto irrestricto de la Instituci\u00f3n hacia la investidura de la Gobernadora y la plena disposici\u00f3n de colaborar en los \u00e1mbitos acad\u00e9mico y cient\u00edfico.<\/p>\n<p>&nbsp;<\/p>\n<p><img loading=\"lazy\" decoding=\"async\" class=\"aligncenter wp-image-79046 size-large\" src=\"https:\/\/labestiapolitica.com.mx\/wp-content\/uploads\/2026\/07\/AJ-uni-819x1024.jpeg\" alt=\"\" width=\"640\" height=\"800\" srcset=\"https:\/\/labestiapolitica.com.mx\/wp-content\/uploads\/2026\/07\/AJ-uni-819x1024.jpeg 819w, https:\/\/labestiapolitica.com.mx\/wp-content\/uploads\/2026\/07\/AJ-uni-240x300.jpeg 240w, https:\/\/labestiapolitica.com.mx\/wp-content\/uploads\/2026\/07\/AJ-uni-768x960.jpeg 768w, https:\/\/labestiapolitica.com.mx\/wp-content\/uploads\/2026\/07\/AJ-uni.jpeg 1080w\" sizes=\"auto, (max-width: 640px) 100vw, 640px\" \/><\/p>\n","protected":false},"excerpt":{"rendered":"<p>El Gobierno del Estado de Tlaxcala y la Universidad Aut\u00f3noma de Tlaxcala (UATx) seguir\u00e1n manteniendo estrechos lazos de colaboraci\u00f3n en beneficio de la sociedad tlaxcalteca y de la educaci\u00f3n en todos sus niveles, as\u00ed qued\u00f3 de manifiesto durante el encuentro que sostuvieron este d\u00eda la Gobernadora, Licenciada Lorena Cu\u00e9llar Cisneros, y el Rector, Maestro Alejandro [&hellip;]<\/p>\n","protected":false},"author":5,"featured_media":84658,"comment_status":"open","ping_status":"open","sticky":false,"template":"","format":"standard","meta":{"footnotes":""},"categories":[213,241],"tags":[],"class_list":["post-84657","post","type-post","status-publish","format-standard","has-post-thumbnail","hentry","category-educacion","category-uatx"],"amp_enabled":true,"_links":{"self":[{"href":"https:\/\/labestiapolitica.com.mx\/index.php?rest_route=\/wp\/v2\/posts\/84657","targetHints":{"allow":["GET"]}}],"collection":[{"href":"https:\/\/labestiapolitica.com.mx\/index.php?rest_route=\/wp\/v2\/posts"}],"about":[{"href":"https:\/\/labestiapolitica.com.mx\/index.php?rest_route=\/wp\/v2\/types\/post"}],"author":[{"embeddable":true,"href":"https:\/\/labestiapolitica.com.mx\/index.php?rest_route=\/wp\/v2\/users\/5"}],"replies":[{"embeddable":true,"href":"https:\/\/labestiapolitica.com.mx\/index.php?rest_route=%2Fwp%2Fv2%2Fcomments&post=84657"}],"version-history":[{"count":1,"href":"https:\/\/labestiapolitica.com.mx\/index.php?rest_route=\/wp\/v2\/posts\/84657\/revisions"}],"predecessor-version":[{"id":84659,"href":"https:\/\/labestiapolitica.com.mx\/index.php?rest_route=\/wp\/v2\/posts\/84657\/revisions\/84659"}],"wp:featuredmedia":[{"embeddable":true,"href":"https:\/\/labestiapolitica.com.mx\/index.php?rest_route=\/wp\/v2\/media\/84658"}],"wp:attachment":[{"href":"https:\/\/labestiapolitica.com.mx\/index.php?rest_route=%2Fwp%2Fv2%2Fmedia&parent=84657"}],"wp:term":[{"taxonomy":"category","embeddable":true,"href":"https:\/\/labestiapolitica.com.mx\/index.php?rest_route=%2Fwp%2Fv2%2Fcategories&post=84657"},{"taxonomy":"post_tag","embeddable":true,"href":"https:\/\/labestiapolitica.com.mx\/index.php?rest_route=%2Fwp%2Fv2%2Ftags&post=84657"}],"curies":[{"name":"wp","href":"https:\/\/api.w.org\/{rel}","templated":true}]}}