{"id":84660,"date":"2026-09-03T20:53:57","date_gmt":"2026-09-04T02:53:57","guid":{"rendered":"https:\/\/labestiapolitica.com.mx\/?p=84660"},"modified":"2026-09-03T20:53:57","modified_gmt":"2026-09-04T02:53:57","slug":"ayuntamiento-de-panotla-impulsa-jornada-especial-de-actas-de-nacimiento-con-descuentos","status":"publish","type":"post","link":"https:\/\/labestiapolitica.com.mx\/?p=84660","title":{"rendered":"Ayuntamiento de Panotla impulsa jornada especial de actas de nacimiento con descuentos."},"content":{"rendered":"<p style=\"text-align: justify;\">El Ayuntamiento de Panotla, que encabeza el Prof. Idelfonso Carro Rold\u00e1n, invita a la ciudadan\u00eda a aprovechar la Jornada Especial de Actas de Nacimiento, que se llevar\u00e1 a cabo del lunes 7 al 30 de septiembre en las instalaciones del Registro Civil del Ayuntamiento.<\/p>\n<p style=\"text-align: justify;\">Durante esta jornada se ofrecer\u00e1n descuentos especiales para facilitar la regularizaci\u00f3n y actualizaci\u00f3n de documentos. Las personas adultas mayores y con discapacidad podr\u00e1n obtener un 50% de descuento, mientras que el p\u00fablico en general contar\u00e1 con un 25% de descuento.<\/p>\n<p style=\"text-align: justify;\">La atenci\u00f3n se brindar\u00e1 de lunes a viernes, en un horario de 10:00 de la ma\u00f1ana a 2:00 de la tarde, en el Registro Civil del Ayuntamiento de Panotla.<\/p>\n<p style=\"text-align: justify;\">Con estas acciones, el Gobierno Municipal refrenda su compromiso de acercar servicios a la ciudadan\u00eda y facilitar los tr\u00e1mites que contribuyen a la certeza jur\u00eddica y al bienestar de las familias panotlenses.<\/p>\n<p>&nbsp;<\/p>\n<p><img loading=\"lazy\" decoding=\"async\" class=\"aligncenter wp-image-79046 size-large\" src=\"https:\/\/labestiapolitica.com.mx\/wp-content\/uploads\/2026\/07\/AJ-uni-819x1024.jpeg\" alt=\"\" width=\"640\" height=\"800\" srcset=\"https:\/\/labestiapolitica.com.mx\/wp-content\/uploads\/2026\/07\/AJ-uni-819x1024.jpeg 819w, https:\/\/labestiapolitica.com.mx\/wp-content\/uploads\/2026\/07\/AJ-uni-240x300.jpeg 240w, https:\/\/labestiapolitica.com.mx\/wp-content\/uploads\/2026\/07\/AJ-uni-768x960.jpeg 768w, https:\/\/labestiapolitica.com.mx\/wp-content\/uploads\/2026\/07\/AJ-uni.jpeg 1080w\" sizes=\"auto, (max-width: 640px) 100vw, 640px\" \/><\/p>\n","protected":false},"excerpt":{"rendered":"<p>El Ayuntamiento de Panotla, que encabeza el Prof. Idelfonso Carro Rold\u00e1n, invita a la ciudadan\u00eda a aprovechar la Jornada Especial de Actas de Nacimiento, que se llevar\u00e1 a cabo del lunes 7 al 30 de septiembre en las instalaciones del Registro Civil del Ayuntamiento. Durante esta jornada se ofrecer\u00e1n descuentos especiales para facilitar la regularizaci\u00f3n [&hellip;]<\/p>\n","protected":false},"author":5,"featured_media":84661,"comment_status":"open","ping_status":"open","sticky":false,"template":"","format":"standard","meta":{"footnotes":""},"categories":[216,237],"tags":[],"class_list":["post-84660","post","type-post","status-publish","format-standard","has-post-thumbnail","hentry","category-municipios","category-panotla"],"amp_enabled":true,"_links":{"self":[{"href":"https:\/\/labestiapolitica.com.mx\/index.php?rest_route=\/wp\/v2\/posts\/84660","targetHints":{"allow":["GET"]}}],"collection":[{"href":"https:\/\/labestiapolitica.com.mx\/index.php?rest_route=\/wp\/v2\/posts"}],"about":[{"href":"https:\/\/labestiapolitica.com.mx\/index.php?rest_route=\/wp\/v2\/types\/post"}],"author":[{"embeddable":true,"href":"https:\/\/labestiapolitica.com.mx\/index.php?rest_route=\/wp\/v2\/users\/5"}],"replies":[{"embeddable":true,"href":"https:\/\/labestiapolitica.com.mx\/index.php?rest_route=%2Fwp%2Fv2%2Fcomments&post=84660"}],"version-history":[{"count":1,"href":"https:\/\/labestiapolitica.com.mx\/index.php?rest_route=\/wp\/v2\/posts\/84660\/revisions"}],"predecessor-version":[{"id":84662,"href":"https:\/\/labestiapolitica.com.mx\/index.php?rest_route=\/wp\/v2\/posts\/84660\/revisions\/84662"}],"wp:featuredmedia":[{"embeddable":true,"href":"https:\/\/labestiapolitica.com.mx\/index.php?rest_route=\/wp\/v2\/media\/84661"}],"wp:attachment":[{"href":"https:\/\/labestiapolitica.com.mx\/index.php?rest_route=%2Fwp%2Fv2%2Fmedia&parent=84660"}],"wp:term":[{"taxonomy":"category","embeddable":true,"href":"https:\/\/labestiapolitica.com.mx\/index.php?rest_route=%2Fwp%2Fv2%2Fcategories&post=84660"},{"taxonomy":"post_tag","embeddable":true,"href":"https:\/\/labestiapolitica.com.mx\/index.php?rest_route=%2Fwp%2Fv2%2Ftags&post=84660"}],"curies":[{"name":"wp","href":"https:\/\/api.w.org\/{rel}","templated":true}]}}