{"id":84663,"date":"2026-09-03T20:59:17","date_gmt":"2026-09-04T02:59:17","guid":{"rendered":"https:\/\/labestiapolitica.com.mx\/?p=84663"},"modified":"2026-09-03T20:59:17","modified_gmt":"2026-09-04T02:59:17","slug":"transportistas-confian-en-alfonso-sanchez-garcia-para-encabezar-un-movimiento-cercano-al-pueblo-de-tlaxcala","status":"publish","type":"post","link":"https:\/\/labestiapolitica.com.mx\/?p=84663","title":{"rendered":"Transportistas conf\u00edan en Alfonso S\u00e1nchez Garc\u00eda para encabezar un movimiento cercano al pueblo de Tlaxcala."},"content":{"rendered":"<p style=\"text-align: justify;\">Transportistas y concesionarios de Tlaxcala expresaron su confianza en el alcalde con licencia Alfonso S\u00e1nchez Garc\u00eda para encabezar un movimiento unido, fuerte, que mantenga al pueblo como prioridad y d\u00e9 continuidad a la transformaci\u00f3n con una visi\u00f3n cercana a las necesidades de la ciudadan\u00eda.<\/p>\n<p style=\"text-align: justify;\">Ante ello, Alfonso S\u00e1nchez Garc\u00eda agradeci\u00f3 la confianza que le depositaron para unirse al proyecto nacional en defensa de las causas que encabeza la presidenta Claudia Sheinbaum Pardo y continuar con el movimiento que ha transformado para bien la vida de muchas familias tlaxcaltecas<\/p>\n<p style=\"text-align: justify;\">En el encuentro se destac\u00f3 que la uni\u00f3n de los distintos sectores de la sociedad es fundamental para fortalecer cualquier proyecto de transformaci\u00f3n. Transportistas de distintas l\u00edneas de servicio y ciudadanos coincidieron en que el pueblo tiene mucho que aportar para seguir impulsando mejores condiciones de bienestar, justicia y oportunidades para el estado.<\/p>\n<p style=\"text-align: justify;\">Con la convicci\u00f3n de que la transformaci\u00f3n se construye desde abajo, transportistas y sociedad refrendaron su disposici\u00f3n de caminar unidos y sumar esfuerzos a un proyecto que escuche y atienda al pueblo, en este sentido, se\u00f1alaron que ven en Alfonso S\u00e1nchez Garc\u00eda un perfil cercano, con experiencia y sensibilidad para encabezar este esfuerzo colectivo en favor de Tlaxcala.<\/p>\n<p>&nbsp;<\/p>\n<p><img loading=\"lazy\" decoding=\"async\" class=\"aligncenter wp-image-79046 size-large\" src=\"https:\/\/labestiapolitica.com.mx\/wp-content\/uploads\/2026\/07\/AJ-uni-819x1024.jpeg\" alt=\"\" width=\"640\" height=\"800\" srcset=\"https:\/\/labestiapolitica.com.mx\/wp-content\/uploads\/2026\/07\/AJ-uni-819x1024.jpeg 819w, https:\/\/labestiapolitica.com.mx\/wp-content\/uploads\/2026\/07\/AJ-uni-240x300.jpeg 240w, https:\/\/labestiapolitica.com.mx\/wp-content\/uploads\/2026\/07\/AJ-uni-768x960.jpeg 768w, https:\/\/labestiapolitica.com.mx\/wp-content\/uploads\/2026\/07\/AJ-uni.jpeg 1080w\" sizes=\"auto, (max-width: 640px) 100vw, 640px\" \/><\/p>\n","protected":false},"excerpt":{"rendered":"<p>Transportistas y concesionarios de Tlaxcala expresaron su confianza en el alcalde con licencia Alfonso S\u00e1nchez Garc\u00eda para encabezar un movimiento unido, fuerte, que mantenga al pueblo como prioridad y d\u00e9 continuidad a la transformaci\u00f3n con una visi\u00f3n cercana a las necesidades de la ciudadan\u00eda. Ante ello, Alfonso S\u00e1nchez Garc\u00eda agradeci\u00f3 la confianza que le depositaron [&hellip;]<\/p>\n","protected":false},"author":5,"featured_media":84664,"comment_status":"open","ping_status":"open","sticky":false,"template":"","format":"standard","meta":{"footnotes":""},"categories":[7],"tags":[],"class_list":["post-84663","post","type-post","status-publish","format-standard","has-post-thumbnail","hentry","category-ciudadanos"],"amp_enabled":true,"_links":{"self":[{"href":"https:\/\/labestiapolitica.com.mx\/index.php?rest_route=\/wp\/v2\/posts\/84663","targetHints":{"allow":["GET"]}}],"collection":[{"href":"https:\/\/labestiapolitica.com.mx\/index.php?rest_route=\/wp\/v2\/posts"}],"about":[{"href":"https:\/\/labestiapolitica.com.mx\/index.php?rest_route=\/wp\/v2\/types\/post"}],"author":[{"embeddable":true,"href":"https:\/\/labestiapolitica.com.mx\/index.php?rest_route=\/wp\/v2\/users\/5"}],"replies":[{"embeddable":true,"href":"https:\/\/labestiapolitica.com.mx\/index.php?rest_route=%2Fwp%2Fv2%2Fcomments&post=84663"}],"version-history":[{"count":1,"href":"https:\/\/labestiapolitica.com.mx\/index.php?rest_route=\/wp\/v2\/posts\/84663\/revisions"}],"predecessor-version":[{"id":84665,"href":"https:\/\/labestiapolitica.com.mx\/index.php?rest_route=\/wp\/v2\/posts\/84663\/revisions\/84665"}],"wp:featuredmedia":[{"embeddable":true,"href":"https:\/\/labestiapolitica.com.mx\/index.php?rest_route=\/wp\/v2\/media\/84664"}],"wp:attachment":[{"href":"https:\/\/labestiapolitica.com.mx\/index.php?rest_route=%2Fwp%2Fv2%2Fmedia&parent=84663"}],"wp:term":[{"taxonomy":"category","embeddable":true,"href":"https:\/\/labestiapolitica.com.mx\/index.php?rest_route=%2Fwp%2Fv2%2Fcategories&post=84663"},{"taxonomy":"post_tag","embeddable":true,"href":"https:\/\/labestiapolitica.com.mx\/index.php?rest_route=%2Fwp%2Fv2%2Ftags&post=84663"}],"curies":[{"name":"wp","href":"https:\/\/api.w.org\/{rel}","templated":true}]}}