{"id":84669,"date":"2026-09-03T21:06:34","date_gmt":"2026-09-04T03:06:34","guid":{"rendered":"https:\/\/labestiapolitica.com.mx\/?p=84669"},"modified":"2026-09-03T21:06:34","modified_gmt":"2026-09-04T03:06:34","slug":"exitosa-jornada-de-aclaraciones-administrativas-en-ixtenco","status":"publish","type":"post","link":"https:\/\/labestiapolitica.com.mx\/?p=84669","title":{"rendered":"Exitosa jornada de aclaraciones administrativas en Ixtenco."},"content":{"rendered":"<p style=\"text-align: justify;\">Con el objetivo de acercar servicios y facilitar a la ciudadan\u00eda la regularizaci\u00f3n de sus documentos oficiales, el Gobierno Municipal de Ixtenco, en coordinaci\u00f3n con la Coordinaci\u00f3n del Registro Civil del Estado, llev\u00f3 a cabo la Jornada de Aclaraciones Administrativas, en las instalaciones del Auditorio Municipal.<\/p>\n<p style=\"text-align: justify;\">La jornada registr\u00f3 una importante participaci\u00f3n ciudadana, con m\u00e1s de 50 personas atendidas, quienes acudieron para realizar tr\u00e1mites relacionados con aclaraciones de actas de nacimiento, defunci\u00f3n, matrimonio y validaciones, acercando estos servicios directamente al municipio y evitando traslados fuera de Ixtenco.<\/p>\n<p style=\"text-align: justify;\">La administraci\u00f3n que encabeza la presidenta municipal, Mtra. Miriam Aline Lazo Caballero, destac\u00f3 que estas acciones son resultado de la coordinaci\u00f3n y gesti\u00f3n con las instituciones estatales para acercar servicios que faciliten tr\u00e1mites importantes y brinden atenci\u00f3n directa a las familias ixtenquenses.<\/p>\n<p style=\"text-align: justify;\">Con estas acciones, el Gobierno Municipal de Ixtenco refrenda su compromiso de continuar gestionando programas, jornadas y servicios que respondan a las necesidades de la ciudadan\u00eda y generen beneficios directos para la poblaci\u00f3n.<\/p>\n<p>&nbsp;<\/p>\n<p><img loading=\"lazy\" decoding=\"async\" class=\"aligncenter wp-image-79046 size-large\" src=\"https:\/\/labestiapolitica.com.mx\/wp-content\/uploads\/2026\/07\/AJ-uni-819x1024.jpeg\" alt=\"\" width=\"640\" height=\"800\" srcset=\"https:\/\/labestiapolitica.com.mx\/wp-content\/uploads\/2026\/07\/AJ-uni-819x1024.jpeg 819w, https:\/\/labestiapolitica.com.mx\/wp-content\/uploads\/2026\/07\/AJ-uni-240x300.jpeg 240w, https:\/\/labestiapolitica.com.mx\/wp-content\/uploads\/2026\/07\/AJ-uni-768x960.jpeg 768w, https:\/\/labestiapolitica.com.mx\/wp-content\/uploads\/2026\/07\/AJ-uni.jpeg 1080w\" sizes=\"auto, (max-width: 640px) 100vw, 640px\" \/><\/p>\n","protected":false},"excerpt":{"rendered":"<p>Con el objetivo de acercar servicios y facilitar a la ciudadan\u00eda la regularizaci\u00f3n de sus documentos oficiales, el Gobierno Municipal de Ixtenco, en coordinaci\u00f3n con la Coordinaci\u00f3n del Registro Civil del Estado, llev\u00f3 a cabo la Jornada de Aclaraciones Administrativas, en las instalaciones del Auditorio Municipal. La jornada registr\u00f3 una importante participaci\u00f3n ciudadana, con m\u00e1s [&hellip;]<\/p>\n","protected":false},"author":5,"featured_media":84670,"comment_status":"open","ping_status":"open","sticky":false,"template":"","format":"standard","meta":{"footnotes":""},"categories":[257,216],"tags":[],"class_list":["post-84669","post","type-post","status-publish","format-standard","has-post-thumbnail","hentry","category-ixtenco","category-municipios"],"amp_enabled":true,"_links":{"self":[{"href":"https:\/\/labestiapolitica.com.mx\/index.php?rest_route=\/wp\/v2\/posts\/84669","targetHints":{"allow":["GET"]}}],"collection":[{"href":"https:\/\/labestiapolitica.com.mx\/index.php?rest_route=\/wp\/v2\/posts"}],"about":[{"href":"https:\/\/labestiapolitica.com.mx\/index.php?rest_route=\/wp\/v2\/types\/post"}],"author":[{"embeddable":true,"href":"https:\/\/labestiapolitica.com.mx\/index.php?rest_route=\/wp\/v2\/users\/5"}],"replies":[{"embeddable":true,"href":"https:\/\/labestiapolitica.com.mx\/index.php?rest_route=%2Fwp%2Fv2%2Fcomments&post=84669"}],"version-history":[{"count":1,"href":"https:\/\/labestiapolitica.com.mx\/index.php?rest_route=\/wp\/v2\/posts\/84669\/revisions"}],"predecessor-version":[{"id":84671,"href":"https:\/\/labestiapolitica.com.mx\/index.php?rest_route=\/wp\/v2\/posts\/84669\/revisions\/84671"}],"wp:featuredmedia":[{"embeddable":true,"href":"https:\/\/labestiapolitica.com.mx\/index.php?rest_route=\/wp\/v2\/media\/84670"}],"wp:attachment":[{"href":"https:\/\/labestiapolitica.com.mx\/index.php?rest_route=%2Fwp%2Fv2%2Fmedia&parent=84669"}],"wp:term":[{"taxonomy":"category","embeddable":true,"href":"https:\/\/labestiapolitica.com.mx\/index.php?rest_route=%2Fwp%2Fv2%2Fcategories&post=84669"},{"taxonomy":"post_tag","embeddable":true,"href":"https:\/\/labestiapolitica.com.mx\/index.php?rest_route=%2Fwp%2Fv2%2Ftags&post=84669"}],"curies":[{"name":"wp","href":"https:\/\/api.w.org\/{rel}","templated":true}]}}