{"id":84675,"date":"2026-09-03T21:13:48","date_gmt":"2026-09-04T03:13:48","guid":{"rendered":"https:\/\/labestiapolitica.com.mx\/?p=84675"},"modified":"2026-09-03T21:13:48","modified_gmt":"2026-09-04T03:13:48","slug":"policia-de-chiautempan-realiza-detencion-de-masculino-con-con-orden-judicial","status":"publish","type":"post","link":"https:\/\/labestiapolitica.com.mx\/?p=84675","title":{"rendered":"Polic\u00eda de Chiautempan realiza detenci\u00f3n de masculino con con orden judicial."},"content":{"rendered":"<p style=\"text-align: justify;\">Elementos de la Direcci\u00f3n de Seguridad P\u00fablica y Vialidad de Chiautempan, en coordinaci\u00f3n con agentes de la Agencia de Investigaci\u00f3n Criminal de la Fiscal\u00eda General de la Rep\u00fablica (FGR), realizaron la detenci\u00f3n de Michel N., quien contaba con un mandamiento judicial pendiente por un delito grave.<\/p>\n<p style=\"text-align: justify;\">Los hechos se registraron el 1 de septiembre, en la calle Nicol\u00e1s Bravo de la comunidad de Xaxala, donde elementos de la Polic\u00eda Municipal, con base en informaci\u00f3n proporcionada por la autoridad federal, ubicaron y aseguraron a Michel N., originario del estado de Veracruz, quien adem\u00e1s cuenta con se\u00f1alamientos relacionados con un posible delito de secuestro.<\/p>\n<p style=\"text-align: justify;\">Tras concretar la detenci\u00f3n, el individuo fue puesto a disposici\u00f3n de la autoridad competente, a fin de que se determine su situaci\u00f3n jur\u00eddica conforme a derecho.<\/p>\n<p style=\"text-align: justify;\">El Gobierno Municipal de Chiautempan refrenda su compromiso de fortalecer la coordinaci\u00f3n con las instituciones de seguridad de los distintos \u00f3rdenes de gobierno y mantener acciones firmes para contribuir a la seguridad de las familias chiautempenses.<\/p>\n<p>&nbsp;<\/p>\n<p><img loading=\"lazy\" decoding=\"async\" class=\"aligncenter wp-image-79046 size-large\" src=\"https:\/\/labestiapolitica.com.mx\/wp-content\/uploads\/2026\/07\/AJ-uni-819x1024.jpeg\" alt=\"\" width=\"640\" height=\"800\" srcset=\"https:\/\/labestiapolitica.com.mx\/wp-content\/uploads\/2026\/07\/AJ-uni-819x1024.jpeg 819w, https:\/\/labestiapolitica.com.mx\/wp-content\/uploads\/2026\/07\/AJ-uni-240x300.jpeg 240w, https:\/\/labestiapolitica.com.mx\/wp-content\/uploads\/2026\/07\/AJ-uni-768x960.jpeg 768w, https:\/\/labestiapolitica.com.mx\/wp-content\/uploads\/2026\/07\/AJ-uni.jpeg 1080w\" sizes=\"auto, (max-width: 640px) 100vw, 640px\" \/><\/p>\n","protected":false},"excerpt":{"rendered":"<p>Elementos de la Direcci\u00f3n de Seguridad P\u00fablica y Vialidad de Chiautempan, en coordinaci\u00f3n con agentes de la Agencia de Investigaci\u00f3n Criminal de la Fiscal\u00eda General de la Rep\u00fablica (FGR), realizaron la detenci\u00f3n de Michel N., quien contaba con un mandamiento judicial pendiente por un delito grave. Los hechos se registraron el 1 de septiembre, en [&hellip;]<\/p>\n","protected":false},"author":5,"featured_media":84676,"comment_status":"open","ping_status":"open","sticky":false,"template":"","format":"standard","meta":{"footnotes":""},"categories":[215,216],"tags":[],"class_list":["post-84675","post","type-post","status-publish","format-standard","has-post-thumbnail","hentry","category-chiautempan","category-municipios"],"amp_enabled":true,"_links":{"self":[{"href":"https:\/\/labestiapolitica.com.mx\/index.php?rest_route=\/wp\/v2\/posts\/84675","targetHints":{"allow":["GET"]}}],"collection":[{"href":"https:\/\/labestiapolitica.com.mx\/index.php?rest_route=\/wp\/v2\/posts"}],"about":[{"href":"https:\/\/labestiapolitica.com.mx\/index.php?rest_route=\/wp\/v2\/types\/post"}],"author":[{"embeddable":true,"href":"https:\/\/labestiapolitica.com.mx\/index.php?rest_route=\/wp\/v2\/users\/5"}],"replies":[{"embeddable":true,"href":"https:\/\/labestiapolitica.com.mx\/index.php?rest_route=%2Fwp%2Fv2%2Fcomments&post=84675"}],"version-history":[{"count":1,"href":"https:\/\/labestiapolitica.com.mx\/index.php?rest_route=\/wp\/v2\/posts\/84675\/revisions"}],"predecessor-version":[{"id":84677,"href":"https:\/\/labestiapolitica.com.mx\/index.php?rest_route=\/wp\/v2\/posts\/84675\/revisions\/84677"}],"wp:featuredmedia":[{"embeddable":true,"href":"https:\/\/labestiapolitica.com.mx\/index.php?rest_route=\/wp\/v2\/media\/84676"}],"wp:attachment":[{"href":"https:\/\/labestiapolitica.com.mx\/index.php?rest_route=%2Fwp%2Fv2%2Fmedia&parent=84675"}],"wp:term":[{"taxonomy":"category","embeddable":true,"href":"https:\/\/labestiapolitica.com.mx\/index.php?rest_route=%2Fwp%2Fv2%2Fcategories&post=84675"},{"taxonomy":"post_tag","embeddable":true,"href":"https:\/\/labestiapolitica.com.mx\/index.php?rest_route=%2Fwp%2Fv2%2Ftags&post=84675"}],"curies":[{"name":"wp","href":"https:\/\/api.w.org\/{rel}","templated":true}]}}