{"id":84681,"date":"2026-09-03T21:20:04","date_gmt":"2026-09-04T03:20:04","guid":{"rendered":"https:\/\/labestiapolitica.com.mx\/?p=84681"},"modified":"2026-09-03T21:20:04","modified_gmt":"2026-09-04T03:20:04","slug":"jovenes-reforestan-san-pedro-tlalcuapan-por-un-chiautempan-mas-verde","status":"publish","type":"post","link":"https:\/\/labestiapolitica.com.mx\/?p=84681","title":{"rendered":"J\u00f3venes reforestan San Pedro Tlalcuapan por un Chiautempan m\u00e1s verde."},"content":{"rendered":"<p style=\"text-align: justify;\">J\u00f3venes voluntarios y autoridades comunitarias participaron en una jornada de reforestaci\u00f3n en San Pedro Tlalcuapan, como parte de las acciones del Gobierno Municipal de Chiautempan para promover el cuidado del medio ambiente. La presidenta municipal Blanca Angulo Meneses refrend\u00f3 su compromiso de impulsar actividades que contribuyan a preservar los espacios naturales y fortalecer la conciencia ambiental.<\/p>\n<p style=\"text-align: justify;\">Durante la jornada, las y los j\u00f3venes participaron en la plantaci\u00f3n de \u00e1rboles, demostrando que la participaci\u00f3n de las nuevas generaciones es fundamental para cuidar el entorno y construir un municipio m\u00e1s sustentable.<\/p>\n<p style=\"text-align: justify;\">El titular de la Direcci\u00f3n de Juventud, Renato Sede\u00f1o, destac\u00f3 la importancia de sumar a las y los j\u00f3venes a estas acciones y llam\u00f3 a la ciudadan\u00eda a participar activamente en el cuidado del medio ambiente, reiterando que las jornadas de reforestaci\u00f3n continuar\u00e1n en diferentes espacios del municipio.<\/p>\n<p>&nbsp;<\/p>\n<p><img loading=\"lazy\" decoding=\"async\" class=\"aligncenter wp-image-79046 size-large\" src=\"https:\/\/labestiapolitica.com.mx\/wp-content\/uploads\/2026\/07\/AJ-uni-819x1024.jpeg\" alt=\"\" width=\"640\" height=\"800\" srcset=\"https:\/\/labestiapolitica.com.mx\/wp-content\/uploads\/2026\/07\/AJ-uni-819x1024.jpeg 819w, https:\/\/labestiapolitica.com.mx\/wp-content\/uploads\/2026\/07\/AJ-uni-240x300.jpeg 240w, https:\/\/labestiapolitica.com.mx\/wp-content\/uploads\/2026\/07\/AJ-uni-768x960.jpeg 768w, https:\/\/labestiapolitica.com.mx\/wp-content\/uploads\/2026\/07\/AJ-uni.jpeg 1080w\" sizes=\"auto, (max-width: 640px) 100vw, 640px\" \/><\/p>\n","protected":false},"excerpt":{"rendered":"<p>J\u00f3venes voluntarios y autoridades comunitarias participaron en una jornada de reforestaci\u00f3n en San Pedro Tlalcuapan, como parte de las acciones del Gobierno Municipal de Chiautempan para promover el cuidado del medio ambiente. La presidenta municipal Blanca Angulo Meneses refrend\u00f3 su compromiso de impulsar actividades que contribuyan a preservar los espacios naturales y fortalecer la conciencia [&hellip;]<\/p>\n","protected":false},"author":5,"featured_media":84682,"comment_status":"open","ping_status":"open","sticky":false,"template":"","format":"standard","meta":{"footnotes":""},"categories":[215,216],"tags":[],"class_list":["post-84681","post","type-post","status-publish","format-standard","has-post-thumbnail","hentry","category-chiautempan","category-municipios"],"amp_enabled":true,"_links":{"self":[{"href":"https:\/\/labestiapolitica.com.mx\/index.php?rest_route=\/wp\/v2\/posts\/84681","targetHints":{"allow":["GET"]}}],"collection":[{"href":"https:\/\/labestiapolitica.com.mx\/index.php?rest_route=\/wp\/v2\/posts"}],"about":[{"href":"https:\/\/labestiapolitica.com.mx\/index.php?rest_route=\/wp\/v2\/types\/post"}],"author":[{"embeddable":true,"href":"https:\/\/labestiapolitica.com.mx\/index.php?rest_route=\/wp\/v2\/users\/5"}],"replies":[{"embeddable":true,"href":"https:\/\/labestiapolitica.com.mx\/index.php?rest_route=%2Fwp%2Fv2%2Fcomments&post=84681"}],"version-history":[{"count":1,"href":"https:\/\/labestiapolitica.com.mx\/index.php?rest_route=\/wp\/v2\/posts\/84681\/revisions"}],"predecessor-version":[{"id":84683,"href":"https:\/\/labestiapolitica.com.mx\/index.php?rest_route=\/wp\/v2\/posts\/84681\/revisions\/84683"}],"wp:featuredmedia":[{"embeddable":true,"href":"https:\/\/labestiapolitica.com.mx\/index.php?rest_route=\/wp\/v2\/media\/84682"}],"wp:attachment":[{"href":"https:\/\/labestiapolitica.com.mx\/index.php?rest_route=%2Fwp%2Fv2%2Fmedia&parent=84681"}],"wp:term":[{"taxonomy":"category","embeddable":true,"href":"https:\/\/labestiapolitica.com.mx\/index.php?rest_route=%2Fwp%2Fv2%2Fcategories&post=84681"},{"taxonomy":"post_tag","embeddable":true,"href":"https:\/\/labestiapolitica.com.mx\/index.php?rest_route=%2Fwp%2Fv2%2Ftags&post=84681"}],"curies":[{"name":"wp","href":"https:\/\/api.w.org\/{rel}","templated":true}]}}