{"id":84688,"date":"2026-09-04T09:42:35","date_gmt":"2026-09-04T15:42:35","guid":{"rendered":"https:\/\/labestiapolitica.com.mx\/?p=84688"},"modified":"2026-09-04T09:42:35","modified_gmt":"2026-09-04T15:42:35","slug":"se-suma-octaviano-acoltzi-y-liderazgos-de-morena-pvem-prd-y-pri-al-proyecto-de-accion-nacional-en-contla","status":"publish","type":"post","link":"https:\/\/labestiapolitica.com.mx\/?p=84688","title":{"rendered":"Se suma Octaviano Acoltzi y liderazgos de Morena, PVEM, PRD y PRI al proyecto de Acci\u00f3n Nacional en Contla."},"content":{"rendered":"<p style=\"text-align: justify;\">Octaviano Acoltzi buscar\u00e1 la presidencia municipal de Contla de Juan Cuamatzi por las siglas del PAN<\/p>\n<p style=\"text-align: justify;\">Contla de Juan Cuamatzi, Tlaxcala.\u2014 Liderazgos provenientes de Morena, del Partido Verde Ecologista de M\u00e9xico (PVEM), del PRD y del PRI, as\u00ed como ciudadanos con experiencia en la vida p\u00fablica del municipio, se sumaron al proyecto de Acci\u00f3n Nacional, fortaleciendo la construcci\u00f3n de una alternativa competitiva rumbo al pr\u00f3ximo proceso electoral.<\/p>\n<p style=\"text-align: justify;\">Durante una reuni\u00f3n de trabajo se confirm\u00f3 la incorporaci\u00f3n de Octaviano Acoltzi, quien manifest\u00f3 su intenci\u00f3n de buscar la presidencia municipal de Contla de Juan Cuamatzi bajo las siglas del Partido Acci\u00f3n Nacional.<\/p>\n<p style=\"text-align: justify;\">En el encuentro participaron exsecretarios del Ayuntamiento, exregidores, presidentes y expresidentes de comunidad, exaspirantes a la presidencia municipal y liderazgos que anteriormente han participado en distintas fuerzas pol\u00edticas, quienes coincidieron en la necesidad de dejar de lado diferencias partidistas para construir un proyecto que ponga por delante el desarrollo de Contla y el bienestar de sus comunidades.<\/p>\n<p style=\"text-align: justify;\">Los participantes destacaron que esta suma representa la voluntad de mujeres y hombres de distintas expresiones pol\u00edticas de construir un mejor municipio y un mejor estado, mediante un proyecto abierto a la ciudadan\u00eda y capaz de reunir experiencia, trabajo territorial y nuevos liderazgos.<\/p>\n<p style=\"text-align: justify;\">Con la incorporaci\u00f3n de Octaviano Acoltzi, Acci\u00f3n Nacional fortalece significativamente su competitividad en Contla, al contar ya con tres perfiles que han manifestado su intenci\u00f3n de buscar la candidatura a la presidencia municipal: Ren\u00e9 Hern\u00e1ndez, Alfredo Acoltzi y Octaviano Acoltzi.<\/p>\n<p style=\"text-align: justify;\">La pluralidad de perfiles y la incorporaci\u00f3n de liderazgos provenientes de diferentes fuerzas pol\u00edticas reflejan el crecimiento de un proyecto que busca sumar m\u00e1s all\u00e1 de colores y antecedentes partidistas, privilegiando las coincidencias y el objetivo com\u00fan de ofrecer mejores resultados a las familias de Contla.<\/p>\n<p style=\"text-align: justify;\">Desde Acci\u00f3n Nacional se destac\u00f3 que las puertas permanecer\u00e1n abiertas para quienes quieran participar, aportar su experiencia y trabajar por un municipio con mejores servicios, seguridad, desarrollo y oportunidades.<\/p>\n<p style=\"text-align: justify;\">\u201cHoy Contla demuestra que cuando existe voluntad de construir, las diferencias partidistas pueden quedar atr\u00e1s. Estamos sumando liderazgos, experiencia y ciudadanos que quieren un mejor futuro para su municipio. Acci\u00f3n Nacional est\u00e1 creciendo y se est\u00e1 preparando para ser una opci\u00f3n altamente competitiva.\u201d<\/p>\n<p style=\"text-align: justify;\">Con estas nuevas incorporaciones, el PAN avanza en la consolidaci\u00f3n de una estructura plural y ciudadana en Contla de Juan Cuamatzi, con el objetivo de llegar fortalecido y unido a los pr\u00f3ximos retos electorales.<\/p>\n","protected":false},"excerpt":{"rendered":"<p>Octaviano Acoltzi buscar\u00e1 la presidencia municipal de Contla de Juan Cuamatzi por las siglas del PAN Contla de Juan Cuamatzi, Tlaxcala.\u2014 Liderazgos provenientes de Morena, del Partido Verde Ecologista de M\u00e9xico (PVEM), del PRD y del PRI, as\u00ed como ciudadanos con experiencia en la vida p\u00fablica del municipio, se sumaron al proyecto de Acci\u00f3n Nacional, [&hellip;]<\/p>\n","protected":false},"author":3,"featured_media":84689,"comment_status":"open","ping_status":"open","sticky":false,"template":"","format":"standard","meta":{"footnotes":""},"categories":[3],"tags":[],"class_list":["post-84688","post","type-post","status-publish","format-standard","has-post-thumbnail","hentry","category-8-columnas"],"amp_enabled":true,"_links":{"self":[{"href":"https:\/\/labestiapolitica.com.mx\/index.php?rest_route=\/wp\/v2\/posts\/84688","targetHints":{"allow":["GET"]}}],"collection":[{"href":"https:\/\/labestiapolitica.com.mx\/index.php?rest_route=\/wp\/v2\/posts"}],"about":[{"href":"https:\/\/labestiapolitica.com.mx\/index.php?rest_route=\/wp\/v2\/types\/post"}],"author":[{"embeddable":true,"href":"https:\/\/labestiapolitica.com.mx\/index.php?rest_route=\/wp\/v2\/users\/3"}],"replies":[{"embeddable":true,"href":"https:\/\/labestiapolitica.com.mx\/index.php?rest_route=%2Fwp%2Fv2%2Fcomments&post=84688"}],"version-history":[{"count":1,"href":"https:\/\/labestiapolitica.com.mx\/index.php?rest_route=\/wp\/v2\/posts\/84688\/revisions"}],"predecessor-version":[{"id":84690,"href":"https:\/\/labestiapolitica.com.mx\/index.php?rest_route=\/wp\/v2\/posts\/84688\/revisions\/84690"}],"wp:featuredmedia":[{"embeddable":true,"href":"https:\/\/labestiapolitica.com.mx\/index.php?rest_route=\/wp\/v2\/media\/84689"}],"wp:attachment":[{"href":"https:\/\/labestiapolitica.com.mx\/index.php?rest_route=%2Fwp%2Fv2%2Fmedia&parent=84688"}],"wp:term":[{"taxonomy":"category","embeddable":true,"href":"https:\/\/labestiapolitica.com.mx\/index.php?rest_route=%2Fwp%2Fv2%2Fcategories&post=84688"},{"taxonomy":"post_tag","embeddable":true,"href":"https:\/\/labestiapolitica.com.mx\/index.php?rest_route=%2Fwp%2Fv2%2Ftags&post=84688"}],"curies":[{"name":"wp","href":"https:\/\/api.w.org\/{rel}","templated":true}]}}