{"id":84698,"date":"2026-09-04T10:55:57","date_gmt":"2026-09-04T16:55:57","guid":{"rendered":"https:\/\/labestiapolitica.com.mx\/?p=84698"},"modified":"2026-09-04T10:56:11","modified_gmt":"2026-09-04T16:56:11","slug":"cuando-el-culpable-es-el-mundo-y-nunca-el-funcionario","status":"publish","type":"post","link":"https:\/\/labestiapolitica.com.mx\/?p=84698","title":{"rendered":"Cuando el culpable es el mundo y nunca el funcionario."},"content":{"rendered":"<p style=\"text-align: justify;\"><em><strong>Por Mariana Lovera<\/strong><\/em><\/p>\n<p style=\"text-align: justify;\">Hay respuestas de los funcionarios que explican mucho m\u00e1s de lo que pretenden ocultar.<\/p>\n<p style=\"text-align: justify;\">Y la reciente entrevista del secretario de Desarrollo Econ\u00f3mico de Tlaxcala, Javier Marroqu\u00edn Calder\u00f3n, es una de ellas.<\/p>\n<p style=\"text-align: justify;\">La pregunta hecha por mi compa\u00f1ero Edgar Garc\u00eda Gallegos era sencilla: \u00bfqu\u00e9 est\u00e1 pasando con el empleo en Tlaxcala?<\/p>\n<p style=\"text-align: justify;\">La respuesta termin\u00f3 dando una vuelta por la Secretar\u00eda del Trabajo, el IMSS, la geopol\u00edtica, la econom\u00eda nacional y, finalmente, el mundo.<\/p>\n<p style=\"text-align: justify;\">Todo, menos una explicaci\u00f3n concreta sobre qu\u00e9 est\u00e1 haciendo la Secretar\u00eda de Desarrollo Econ\u00f3mico frente a los resultados que hoy presenta Tlaxcala.<\/p>\n<p style=\"text-align: justify;\">De acuerdo con la ENOE del INEGI, la poblaci\u00f3n ocupada en el estado pas\u00f3 de alrededor de 687 mil personas en el segundo trimestre de 2025 a poco m\u00e1s de 670 mil en el mismo periodo de 2026. Es decir, una reducci\u00f3n de aproximadamente 16 mil personas ocupadas. La propia ENOE es, adem\u00e1s, una de las principales fuentes oficiales para conocer el comportamiento del mercado laboral mexicano.<\/p>\n<p style=\"text-align: justify;\">\u00bfY qu\u00e9 hizo Marroqu\u00edn ante la pregunta?<\/p>\n<p style=\"text-align: justify;\">Primero dijo que habr\u00eda que revisar la ley porque el tema corresponde tambi\u00e9n a la Secretar\u00eda del Trabajo y Competitividad.<\/p>\n<p style=\"text-align: justify;\">Despu\u00e9s explic\u00f3 que los n\u00fameros necesitan an\u00e1lisis.<\/p>\n<p style=\"text-align: justify;\">Y cuando lleg\u00f3 la pregunta inevitable \u2014si la p\u00e9rdida de empleos representa un fracaso de la pol\u00edtica econ\u00f3mica estatal\u2014 apareci\u00f3 el gran responsable:<\/p>\n<p style=\"text-align: justify;\">\u201cEs el mundo\u201d.<\/p>\n<p style=\"text-align: justify;\">Una respuesta que podr\u00eda parecer ingeniosa si no estuvi\u00e9ramos hablando del ingreso de miles de familias.<\/p>\n<p style=\"text-align: justify;\">Porque s\u00ed: evidentemente existen factores nacionales e internacionales que afectan las econom\u00edas locales. Nadie sensato puede negar el impacto de la desaceleraci\u00f3n econ\u00f3mica, las decisiones empresariales, los mercados internacionales o las condiciones nacionales.<\/p>\n<p style=\"text-align: justify;\">Pero gobernar consiste precisamente en trabajar con esas condiciones, no en utilizarlas como una especie de escudo pol\u00edtico.<\/p>\n<p style=\"text-align: justify;\">Si el mundo est\u00e1 complicado, la pregunta entonces es todav\u00eda m\u00e1s sencilla:<\/p>\n<p style=\"text-align: justify;\">\u00bfQu\u00e9 est\u00e1 haciendo Tlaxcala para estar mejor que otros estados en medio de esa complicaci\u00f3n?<\/p>\n<p style=\"text-align: justify;\">Ah\u00ed es donde el discurso comienza a quedarse corto.<\/p>\n<p style=\"text-align: justify;\">Marroqu\u00edn habla de atracci\u00f3n de inversiones, del acompa\u00f1amiento a empresas que llegar\u00e1n al Polo de Desarrollo, de programas para emprendedores y de \u201csinergias\u201d entre gobierno e iniciativa privada.<\/p>\n<p style=\"text-align: justify;\">Todo suena bien.<\/p>\n<p style=\"text-align: justify;\">El problema es que cuando se habla de resultados, aparecen los n\u00fameros.<\/p>\n<p style=\"text-align: justify;\">Y los n\u00fameros no se convencen con discursos.<\/p>\n<p style=\"text-align: justify;\">La diputada Miriam Mart\u00ednez puso sobre la mesa otro dato que deber\u00eda generar preocupaci\u00f3n: la tasa de desocupaci\u00f3n estatal lleg\u00f3 a 3.4 por ciento, por encima del 2.7 por ciento nacional, mientras que la informalidad laboral ronda 72 por ciento, de acuerdo con los datos difundidos a partir de la ENOE. Tambi\u00e9n se ha se\u00f1alado que alrededor de 45 por ciento de la poblaci\u00f3n ocupada enfrenta condiciones cr\u00edticas de ocupaci\u00f3n.<\/p>\n<p style=\"text-align: justify;\">Entonces quiz\u00e1 el debate no deber\u00eda reducirse a si son exactamente \u201c16 mil empleos perdidos\u201d.<\/p>\n<p style=\"text-align: justify;\">Porque t\u00e9cnicamente hay una diferencia entre personas ocupadas y empleos.<\/p>\n<p style=\"text-align: justify;\">El verdadero problema es otro:<\/p>\n<p style=\"text-align: justify;\">\u00bfPor qu\u00e9 hay menos personas ocupadas? \u00bfEn qu\u00e9 sectores se concentra la ca\u00edda? \u00bfQu\u00e9 est\u00e1 haciendo el gobierno para revertirla? \u00bfCu\u00e1ntos empleos formales se han generado? \u00bfCu\u00e1ntos se han perdido? \u00bfCu\u00e1nto empleo de calidad est\u00e1 llegando?<\/p>\n<p style=\"text-align: justify;\">Esas son las preguntas que un secretario de Desarrollo Econ\u00f3mico deber\u00eda contestar con n\u00fameros.<\/p>\n<p style=\"text-align: justify;\">Y aqu\u00ed aparece una segunda contradicci\u00f3n.<\/p>\n<p style=\"text-align: justify;\">Hace apenas unos meses, Marroqu\u00edn fue cuestionado por una declaraci\u00f3n que gener\u00f3 una fuerte pol\u00e9mica: asegur\u00f3 estar convencido de que hab\u00eda hecho m\u00e1s que muchos tlaxcaltecas que \u201cse dan golpes de pecho\u201d y sostuvo que, pese a ser for\u00e1neo, hab\u00eda llegado a dar m\u00e1s resultados que muchos originarios del estado.<\/p>\n<p style=\"text-align: justify;\">Aquella frase pudo haber quedado como una desafortunada salida de un funcionario.<\/p>\n<p style=\"text-align: justify;\">Pero hoy adquiere otro significado.<\/p>\n<p style=\"text-align: justify;\">Porque si se presume haber hecho m\u00e1s que los propios tlaxcaltecas, entonces tambi\u00e9n habr\u00eda que estar dispuesto a responder cuando los resultados no acompa\u00f1an el discurso.<\/p>\n<p style=\"text-align: justify;\">No se trata de exigirle al secretario que controle la econom\u00eda mundial.<\/p>\n<p style=\"text-align: justify;\">Se trata de pedirle que explique qu\u00e9 parte de esa econom\u00eda s\u00ed puede controlar desde su escritorio.<\/p>\n<p style=\"text-align: justify;\">No puede decidir cu\u00e1nto crecer\u00e1 Estados Unidos, qu\u00e9 har\u00e1 China, qu\u00e9 ocurrir\u00e1 con las tasas de inter\u00e9s o qu\u00e9 pol\u00edticas adoptar\u00e1 el gobierno federal.<\/p>\n<p style=\"text-align: justify;\">Pero s\u00ed puede explicar cu\u00e1ntas inversiones ha atra\u00eddo su dependencia.<\/p>\n<p style=\"text-align: justify;\">Cu\u00e1ntos empleos formales se han generado como resultado de esas inversiones.<\/p>\n<p style=\"text-align: justify;\">Cu\u00e1ntas empresas han llegado.<\/p>\n<p style=\"text-align: justify;\">Cu\u00e1ntas permanecen.<\/p>\n<p style=\"text-align: justify;\">Cu\u00e1ntos emprendimientos han recibido apoyo.<\/p>\n<p style=\"text-align: justify;\">Cu\u00e1ntos cerraron.<\/p>\n<p style=\"text-align: justify;\">Y, sobre todo, qu\u00e9 estrategia existe para que Tlaxcala no solamente tenga empleos, sino empleos dignos y formales.<\/p>\n<p style=\"text-align: justify;\">Porque decir que \u201cestamos trabajando\u201d es una obligaci\u00f3n.<\/p>\n<p style=\"text-align: justify;\">Demostrar que el trabajo funciona es un resultado.<\/p>\n<p style=\"text-align: justify;\">Tambi\u00e9n resulta llamativo que, ante el se\u00f1alamiento de Miriam Mart\u00ednez, el secretario haya decidido entrar al terreno pol\u00edtico y recordar que la diputada fue quien propuso una mesa de trabajo que, seg\u00fan \u00e9l, no tuvo continuidad.<\/p>\n<p style=\"text-align: justify;\">Puede ser cierto.<\/p>\n<p style=\"text-align: justify;\">Pero incluso si lo fuera, eso no modifica una sola cifra de la ENOE.<\/p>\n<p style=\"text-align: justify;\">La p\u00e9rdida de personas ocupadas no desaparece porque una diputada haya dado seguimiento o no a una reuni\u00f3n.<\/p>\n<p style=\"text-align: justify;\">Y la informalidad tampoco se reduce con una disputa entre funcionarios y legisladores.<\/p>\n<p style=\"text-align: justify;\">Si existe una mesa de trabajo pendiente, que se retome.<\/p>\n<p style=\"text-align: justify;\">Si hay diferencias, que se discutan.<\/p>\n<p style=\"text-align: justify;\">Si hay responsabilidades compartidas, que se asuman.<\/p>\n<p style=\"text-align: justify;\">Pero que el resultado final sea una pol\u00edtica p\u00fablica que funcione.<\/p>\n<p style=\"text-align: justify;\">Porque mientras los funcionarios intercambian se\u00f1alamientos, hay una realidad mucho m\u00e1s sencilla en las calles: hay tlaxcaltecas buscando trabajo, trabajadores intentando conservarlo y familias tratando de hacer rendir un ingreso que cada vez alcanza menos.<\/p>\n<p style=\"text-align: justify;\">Y ah\u00ed es donde la frase \u201ces el mundo\u201d pierde fuerza.<\/p>\n<p style=\"text-align: justify;\">Porque para una familia que dej\u00f3 de recibir un salario, el mundo puede estar complicado, s\u00ed.<\/p>\n<p style=\"text-align: justify;\">Pero necesita saber qu\u00e9 har\u00e1 su gobierno para ayudarla.<\/p>\n<p style=\"text-align: justify;\">Quiz\u00e1 el problema de fondo no sea que Marroqu\u00edn culpe al mundo.<\/p>\n<p style=\"text-align: justify;\">El problema es que, cuando un funcionario presume resultados, tambi\u00e9n debe estar preparado para responder cuando llegan los malos resultados.<\/p>\n<p style=\"text-align: justify;\">Porque gobernar no significa atribuirse todo lo bueno y repartir lo malo entre el mundo, la econom\u00eda nacional, los diputados, las administraciones anteriores y las circunstancias.<\/p>\n<p style=\"text-align: justify;\">Gobernar tambi\u00e9n significa decir:<\/p>\n<p style=\"text-align: justify;\">\u201cEstos son los datos. Esto sali\u00f3 mal. Esto nos corresponde. Y esto vamos a hacer para corregirlo\u201d.<\/p>\n<p style=\"text-align: justify;\">Eso no es debilidad.<\/p>\n<p style=\"text-align: justify;\">Eso es responsabilidad.<\/p>\n<p style=\"text-align: justify;\">Y, por cierto, tampoco es un asunto de ser tlaxcalteca o for\u00e1neo.<\/p>\n<p style=\"text-align: justify;\">Es un asunto mucho m\u00e1s sencillo:<\/p>\n<p style=\"text-align: justify;\">quien ocupa un cargo p\u00fablico en Tlaxcala debe responder por Tlaxcala.<\/p>\n<p style=\"text-align: justify;\">Y si ma\u00f1ana los n\u00fameros mejoran, seguramente habr\u00e1 tiempo para presumirlos.<\/p>\n<p style=\"text-align: justify;\">Por ahora, quiz\u00e1 convendr\u00eda dejar de buscar culpables en todo el planeta y empezar a buscar soluciones en casa.<\/p>\n<p style=\"text-align: justify;\">Porque el mundo podr\u00e1 tener la culpa de muchas cosas.<\/p>\n<p style=\"text-align: justify;\">Pero la Secretar\u00eda de Desarrollo Econ\u00f3mico tiene que hacerse cargo de lo que s\u00ed le toca.<\/p>\n<p style=\"text-align: justify;\">Se lo digo as\u00ed, sin maquillaje ni retoques.<\/p>\n","protected":false},"excerpt":{"rendered":"<p>Por Mariana Lovera Hay respuestas de los funcionarios que explican mucho m\u00e1s de lo que pretenden ocultar. Y la reciente entrevista del secretario de Desarrollo Econ\u00f3mico de Tlaxcala, Javier Marroqu\u00edn Calder\u00f3n, es una de ellas. La pregunta hecha por mi compa\u00f1ero Edgar Garc\u00eda Gallegos era sencilla: \u00bfqu\u00e9 est\u00e1 pasando con el empleo en Tlaxcala? La [&hellip;]<\/p>\n","protected":false},"author":5,"featured_media":82263,"comment_status":"open","ping_status":"open","sticky":false,"template":"","format":"standard","meta":{"footnotes":""},"categories":[3,6,263],"tags":[],"class_list":["post-84698","post","type-post","status-publish","format-standard","has-post-thumbnail","hentry","category-8-columnas","category-opinion","category-sin-maquillaje"],"amp_enabled":true,"_links":{"self":[{"href":"https:\/\/labestiapolitica.com.mx\/index.php?rest_route=\/wp\/v2\/posts\/84698","targetHints":{"allow":["GET"]}}],"collection":[{"href":"https:\/\/labestiapolitica.com.mx\/index.php?rest_route=\/wp\/v2\/posts"}],"about":[{"href":"https:\/\/labestiapolitica.com.mx\/index.php?rest_route=\/wp\/v2\/types\/post"}],"author":[{"embeddable":true,"href":"https:\/\/labestiapolitica.com.mx\/index.php?rest_route=\/wp\/v2\/users\/5"}],"replies":[{"embeddable":true,"href":"https:\/\/labestiapolitica.com.mx\/index.php?rest_route=%2Fwp%2Fv2%2Fcomments&post=84698"}],"version-history":[{"count":1,"href":"https:\/\/labestiapolitica.com.mx\/index.php?rest_route=\/wp\/v2\/posts\/84698\/revisions"}],"predecessor-version":[{"id":84699,"href":"https:\/\/labestiapolitica.com.mx\/index.php?rest_route=\/wp\/v2\/posts\/84698\/revisions\/84699"}],"wp:featuredmedia":[{"embeddable":true,"href":"https:\/\/labestiapolitica.com.mx\/index.php?rest_route=\/wp\/v2\/media\/82263"}],"wp:attachment":[{"href":"https:\/\/labestiapolitica.com.mx\/index.php?rest_route=%2Fwp%2Fv2%2Fmedia&parent=84698"}],"wp:term":[{"taxonomy":"category","embeddable":true,"href":"https:\/\/labestiapolitica.com.mx\/index.php?rest_route=%2Fwp%2Fv2%2Fcategories&post=84698"},{"taxonomy":"post_tag","embeddable":true,"href":"https:\/\/labestiapolitica.com.mx\/index.php?rest_route=%2Fwp%2Fv2%2Ftags&post=84698"}],"curies":[{"name":"wp","href":"https:\/\/api.w.org\/{rel}","templated":true}]}}