{"id":84705,"date":"2026-09-04T13:55:17","date_gmt":"2026-09-04T19:55:17","guid":{"rendered":"https:\/\/labestiapolitica.com.mx\/?p=84705"},"modified":"2026-09-04T13:55:17","modified_gmt":"2026-09-04T19:55:17","slug":"nopalucan-anuncia-fiestas-patrias-con-la-tradicional-pega-de-bandos-solemnes","status":"publish","type":"post","link":"https:\/\/labestiapolitica.com.mx\/?p=84705","title":{"rendered":"Nopalucan anuncia fiestas patrias con la tradicional pega de Bandos Solemnes."},"content":{"rendered":"<p style=\"text-align: justify;\"><em><strong>Demian M\u00e1rquez<\/strong> <\/em>| Con la finalidad de preservar las tradiciones y convocar a la poblaci\u00f3n a participar en las celebraciones por el aniversario de la Independencia de M\u00e9xico, el Ayuntamiento de Santa Ana Nopalucan realiz\u00f3 la tradicional pega de Bandos Solemnes en distintos puntos del municipio, incluyendo escuelas y calles de la localidad.<\/p>\n<p style=\"text-align: justify;\">Durante el recorrido, autoridades municipales difundieron entre la poblaci\u00f3n el programa de actividades preparado para septiembre, con el llamado a las familias a participar en los eventos conmemorativos.<\/p>\n<p style=\"text-align: justify;\">La jornada permiti\u00f3 llevar el anuncio de las festividades a diferentes comunidades y espacios p\u00fablicos de Nopalucan.<\/p>\n<p style=\"text-align: justify;\">El recorrido comenz\u00f3 en la secundaria T\u00e9cnica n\u00famero 11 y dieron pasando por la zona del Cerrito, la avenida Loma Bonita, el Jard\u00edn de Ni\u00f1os y el \u00e1rea del auditorio, para finalmente concluir el recorrido en el preescolar Vicente Guerrero, donde se concluy\u00f3 con la difusi\u00f3n del programa de actividades patrias.<\/p>\n<p style=\"text-align: justify;\">El presidente municipal, Pedro P\u00e9rez V\u00e1zquez, se\u00f1al\u00f3 que el gobierno local tiene previsto realizar actividades gratuitas para la ciudadan\u00eda, entre ellas la celebraci\u00f3n del Grito de Independencia el pr\u00f3ximo 15 de septiembre, seguida de un espect\u00e1culo de juegos pirot\u00e9cnicos y una verbena popular.<\/p>\n","protected":false},"excerpt":{"rendered":"<p>Demian M\u00e1rquez | Con la finalidad de preservar las tradiciones y convocar a la poblaci\u00f3n a participar en las celebraciones por el aniversario de la Independencia de M\u00e9xico, el Ayuntamiento de Santa Ana Nopalucan realiz\u00f3 la tradicional pega de Bandos Solemnes en distintos puntos del municipio, incluyendo escuelas y calles de la localidad. Durante el [&hellip;]<\/p>\n","protected":false},"author":5,"featured_media":84706,"comment_status":"open","ping_status":"open","sticky":false,"template":"","format":"standard","meta":{"footnotes":""},"categories":[216,305],"tags":[],"class_list":["post-84705","post","type-post","status-publish","format-standard","has-post-thumbnail","hentry","category-municipios","category-santa-ana-nopalucan"],"amp_enabled":true,"_links":{"self":[{"href":"https:\/\/labestiapolitica.com.mx\/index.php?rest_route=\/wp\/v2\/posts\/84705","targetHints":{"allow":["GET"]}}],"collection":[{"href":"https:\/\/labestiapolitica.com.mx\/index.php?rest_route=\/wp\/v2\/posts"}],"about":[{"href":"https:\/\/labestiapolitica.com.mx\/index.php?rest_route=\/wp\/v2\/types\/post"}],"author":[{"embeddable":true,"href":"https:\/\/labestiapolitica.com.mx\/index.php?rest_route=\/wp\/v2\/users\/5"}],"replies":[{"embeddable":true,"href":"https:\/\/labestiapolitica.com.mx\/index.php?rest_route=%2Fwp%2Fv2%2Fcomments&post=84705"}],"version-history":[{"count":1,"href":"https:\/\/labestiapolitica.com.mx\/index.php?rest_route=\/wp\/v2\/posts\/84705\/revisions"}],"predecessor-version":[{"id":84707,"href":"https:\/\/labestiapolitica.com.mx\/index.php?rest_route=\/wp\/v2\/posts\/84705\/revisions\/84707"}],"wp:featuredmedia":[{"embeddable":true,"href":"https:\/\/labestiapolitica.com.mx\/index.php?rest_route=\/wp\/v2\/media\/84706"}],"wp:attachment":[{"href":"https:\/\/labestiapolitica.com.mx\/index.php?rest_route=%2Fwp%2Fv2%2Fmedia&parent=84705"}],"wp:term":[{"taxonomy":"category","embeddable":true,"href":"https:\/\/labestiapolitica.com.mx\/index.php?rest_route=%2Fwp%2Fv2%2Fcategories&post=84705"},{"taxonomy":"post_tag","embeddable":true,"href":"https:\/\/labestiapolitica.com.mx\/index.php?rest_route=%2Fwp%2Fv2%2Ftags&post=84705"}],"curies":[{"name":"wp","href":"https:\/\/api.w.org\/{rel}","templated":true}]}}