{"id":84708,"date":"2026-09-04T13:56:55","date_gmt":"2026-09-04T19:56:55","guid":{"rendered":"https:\/\/labestiapolitica.com.mx\/?p=84708"},"modified":"2026-09-04T13:56:55","modified_gmt":"2026-09-04T19:56:55","slug":"nopalucan-alista-festejos-patrios-habra-grito-pirotecnia-y-desfile","status":"publish","type":"post","link":"https:\/\/labestiapolitica.com.mx\/?p=84708","title":{"rendered":"Nopalucan alista festejos patrios; habr\u00e1 grito, pirotecnia y desfile."},"content":{"rendered":"<p style=\"text-align: justify;\"><em><strong>Demian M\u00e1rquez<\/strong> <\/em>| El Ayuntamiento de Santa Ana Nopalucan prepara una serie de actividades para conmemorar las fiestas patrias, con eventos gratuitos dirigidos a las familias del municipio.<\/p>\n<p style=\"text-align: justify;\">Durante la pega de los Bandos Solemnes en escuelas y calles de la localidad, el presidente municipal, Pedro P\u00e9rez V\u00e1zquez, invit\u00f3 a la poblaci\u00f3n a participar en los festejos del 15 y 16 de septiembre.<\/p>\n<p style=\"text-align: justify;\">El alcalde inform\u00f3 que la noche del 15 de septiembre, despu\u00e9s del tradicional Grito de Independencia, se realizar\u00e1 un espect\u00e1culo de juegos pirot\u00e9cnicos de aproximadamente 10 minutos, para posteriormente dar paso a la verbena popular.<\/p>\n<p style=\"text-align: justify;\">Destac\u00f3 que todas las actividades ser\u00e1n gratuitas y estar\u00e1n enfocadas en generar un espacio de convivencia familiar.<\/p>\n<p style=\"text-align: justify;\">Para el 16 de septiembre se tiene programado el acto c\u00edvico a las 8:00 de la ma\u00f1ana, seguido del desfile conmemorativo por las principales calles de Nopalucan.<\/p>\n<p style=\"text-align: justify;\">P\u00e9rez V\u00e1zquez explic\u00f3 que el recorrido de la pega de Bandos Solemnes permiti\u00f3 visitar pr\u00e1cticamente todo el municipio, desde la zona del Cerrito y la avenida Loma Bonita, hasta concluir en el preescolar Vicente Guerrero.<\/p>\n<p style=\"text-align: justify;\">Como parte de las actividades patrias, el municipio tambi\u00e9n participar\u00e1 el 19 de septiembre en el izamiento de la Bandera en la capital del estado, acto programado a las 8:15 de la ma\u00f1ana, por lo que el alcalde extendi\u00f3 la invitaci\u00f3n a los habitantes que deseen acompa\u00f1ar a la representaci\u00f3n de Nopalucan.<\/p>\n<p style=\"text-align: justify;\">En materia de seguridad, P\u00e9rez V\u00e1zquez asegur\u00f3 que el municipio cuenta con un plan de seguridad y contingencia para septiembre, adem\u00e1s de que los recorridos del desfile ya fueron definidos y difundidos por el Ayuntamiento.<\/p>\n<p style=\"text-align: justify;\">Se\u00f1al\u00f3 que se mantiene coordinaci\u00f3n con autoridades estatales, incluyendo el apoyo de municipios cercanos, con el objetivo de mantener vigilancia durante las celebraciones.<\/p>\n<p style=\"text-align: justify;\">El presidente municipal pidi\u00f3 tambi\u00e9n la colaboraci\u00f3n de los ciudadanos para que las actividades se desarrollen con tranquilidad y se mantenga un saldo blanco.<\/p>\n<p style=\"text-align: justify;\">Reiter\u00f3 que el gobierno municipal trabaja para que las celebraciones patrias sean espacios de convivencia y tradici\u00f3n para las familias de Santa Ana Nopalucan.<\/p>\n","protected":false},"excerpt":{"rendered":"<p>Demian M\u00e1rquez | El Ayuntamiento de Santa Ana Nopalucan prepara una serie de actividades para conmemorar las fiestas patrias, con eventos gratuitos dirigidos a las familias del municipio. Durante la pega de los Bandos Solemnes en escuelas y calles de la localidad, el presidente municipal, Pedro P\u00e9rez V\u00e1zquez, invit\u00f3 a la poblaci\u00f3n a participar en [&hellip;]<\/p>\n","protected":false},"author":5,"featured_media":84709,"comment_status":"open","ping_status":"open","sticky":false,"template":"","format":"standard","meta":{"footnotes":""},"categories":[216,305],"tags":[],"class_list":["post-84708","post","type-post","status-publish","format-standard","has-post-thumbnail","hentry","category-municipios","category-santa-ana-nopalucan"],"amp_enabled":true,"_links":{"self":[{"href":"https:\/\/labestiapolitica.com.mx\/index.php?rest_route=\/wp\/v2\/posts\/84708","targetHints":{"allow":["GET"]}}],"collection":[{"href":"https:\/\/labestiapolitica.com.mx\/index.php?rest_route=\/wp\/v2\/posts"}],"about":[{"href":"https:\/\/labestiapolitica.com.mx\/index.php?rest_route=\/wp\/v2\/types\/post"}],"author":[{"embeddable":true,"href":"https:\/\/labestiapolitica.com.mx\/index.php?rest_route=\/wp\/v2\/users\/5"}],"replies":[{"embeddable":true,"href":"https:\/\/labestiapolitica.com.mx\/index.php?rest_route=%2Fwp%2Fv2%2Fcomments&post=84708"}],"version-history":[{"count":1,"href":"https:\/\/labestiapolitica.com.mx\/index.php?rest_route=\/wp\/v2\/posts\/84708\/revisions"}],"predecessor-version":[{"id":84710,"href":"https:\/\/labestiapolitica.com.mx\/index.php?rest_route=\/wp\/v2\/posts\/84708\/revisions\/84710"}],"wp:featuredmedia":[{"embeddable":true,"href":"https:\/\/labestiapolitica.com.mx\/index.php?rest_route=\/wp\/v2\/media\/84709"}],"wp:attachment":[{"href":"https:\/\/labestiapolitica.com.mx\/index.php?rest_route=%2Fwp%2Fv2%2Fmedia&parent=84708"}],"wp:term":[{"taxonomy":"category","embeddable":true,"href":"https:\/\/labestiapolitica.com.mx\/index.php?rest_route=%2Fwp%2Fv2%2Fcategories&post=84708"},{"taxonomy":"post_tag","embeddable":true,"href":"https:\/\/labestiapolitica.com.mx\/index.php?rest_route=%2Fwp%2Fv2%2Ftags&post=84708"}],"curies":[{"name":"wp","href":"https:\/\/api.w.org\/{rel}","templated":true}]}}