{"id":84711,"date":"2026-09-04T13:59:47","date_gmt":"2026-09-04T19:59:47","guid":{"rendered":"https:\/\/labestiapolitica.com.mx\/?p=84711"},"modified":"2026-09-04T13:59:47","modified_gmt":"2026-09-04T19:59:47","slug":"benito-juarez-crea-por-primera-vez-un-area-de-proteccion-civil-tiene-ocho-elementos","status":"publish","type":"post","link":"https:\/\/labestiapolitica.com.mx\/?p=84711","title":{"rendered":"Benito Ju\u00e1rez crea por primera vez un \u00e1rea de Protecci\u00f3n Civil; tiene ocho elementos."},"content":{"rendered":"<ul>\n<li style=\"text-align: justify;\">El municipio dej\u00f3 atr\u00e1s la pr\u00e1ctica de utilizar a polic\u00edas para atender labores de emergencia<\/li>\n<\/ul>\n<p style=\"text-align: justify;\">Por primera vez en la historia del municipio, Benito Ju\u00e1rez cuenta con un \u00e1rea propia de Protecci\u00f3n Civil, separada de la corporaci\u00f3n policial, inform\u00f3 el presidente municipal Rub\u00e9n Becerra Cer\u00f3n durante la ceremonia de izamiento de bandera.<\/p>\n<p style=\"text-align: justify;\">En entrevista, el alcalde explic\u00f3 que ninguna de las administraciones anteriores hab\u00eda contemplado una estructura municipal espec\u00edfica para atender las tareas de Protecci\u00f3n Civil, por lo que recientemente se puso en operaci\u00f3n una corporaci\u00f3n que actualmente cuenta con ocho elementos.<\/p>\n<p style=\"text-align: justify;\">Con esta decisi\u00f3n, dijo, tambi\u00e9n se dej\u00f3 atr\u00e1s la pr\u00e1ctica de asignar a polic\u00edas municipales labores que corresponden a Protecci\u00f3n Civil, con el prop\u00f3sito de que cada \u00e1rea pueda concentrarse en sus funciones.<\/p>\n<p style=\"text-align: justify;\">Para poner en marcha esta nueva corporaci\u00f3n, el Ayuntamiento destin\u00f3 inicialmente 120 mil pesos.<\/p>\n<p style=\"text-align: justify;\">En materia de seguridad, el presidente municipal inform\u00f3 que Benito Ju\u00e1rez est\u00e1 a punto de poner en funcionamiento su Centro de Control y Comando (C2), cuya inversi\u00f3n fue de 800 mil pesos.<\/p>\n<p style=\"text-align: justify;\">El equipamiento del centro fue proporcionado por el Gobierno del Estado.<\/p>\n<p style=\"text-align: justify;\">Finamente, el alcalde asever\u00f3 que la Polic\u00eda Municipal est\u00e1 integrada actualmente por 22 elementos y asegur\u00f3 que tanto el director de Seguridad P\u00fablica como los integrantes de la corporaci\u00f3n cuentan con la certificaci\u00f3n correspondiente, mientras que sus salarios ya fueron homologados, aunque no precis\u00f3 el monto.<\/p>\n<p>&nbsp;<\/p>\n<p><img loading=\"lazy\" decoding=\"async\" class=\"aligncenter wp-image-79046 size-large\" src=\"https:\/\/labestiapolitica.com.mx\/wp-content\/uploads\/2026\/07\/AJ-uni-819x1024.jpeg\" alt=\"\" width=\"640\" height=\"800\" srcset=\"https:\/\/labestiapolitica.com.mx\/wp-content\/uploads\/2026\/07\/AJ-uni-819x1024.jpeg 819w, https:\/\/labestiapolitica.com.mx\/wp-content\/uploads\/2026\/07\/AJ-uni-240x300.jpeg 240w, https:\/\/labestiapolitica.com.mx\/wp-content\/uploads\/2026\/07\/AJ-uni-768x960.jpeg 768w, https:\/\/labestiapolitica.com.mx\/wp-content\/uploads\/2026\/07\/AJ-uni.jpeg 1080w\" sizes=\"auto, (max-width: 640px) 100vw, 640px\" \/><\/p>\n","protected":false},"excerpt":{"rendered":"<p>El municipio dej\u00f3 atr\u00e1s la pr\u00e1ctica de utilizar a polic\u00edas para atender labores de emergencia Por primera vez en la historia del municipio, Benito Ju\u00e1rez cuenta con un \u00e1rea propia de Protecci\u00f3n Civil, separada de la corporaci\u00f3n policial, inform\u00f3 el presidente municipal Rub\u00e9n Becerra Cer\u00f3n durante la ceremonia de izamiento de bandera. En entrevista, el [&hellip;]<\/p>\n","protected":false},"author":5,"featured_media":84712,"comment_status":"open","ping_status":"open","sticky":false,"template":"","format":"standard","meta":{"footnotes":""},"categories":[299,216],"tags":[],"class_list":["post-84711","post","type-post","status-publish","format-standard","has-post-thumbnail","hentry","category-benito-juarez","category-municipios"],"amp_enabled":true,"_links":{"self":[{"href":"https:\/\/labestiapolitica.com.mx\/index.php?rest_route=\/wp\/v2\/posts\/84711","targetHints":{"allow":["GET"]}}],"collection":[{"href":"https:\/\/labestiapolitica.com.mx\/index.php?rest_route=\/wp\/v2\/posts"}],"about":[{"href":"https:\/\/labestiapolitica.com.mx\/index.php?rest_route=\/wp\/v2\/types\/post"}],"author":[{"embeddable":true,"href":"https:\/\/labestiapolitica.com.mx\/index.php?rest_route=\/wp\/v2\/users\/5"}],"replies":[{"embeddable":true,"href":"https:\/\/labestiapolitica.com.mx\/index.php?rest_route=%2Fwp%2Fv2%2Fcomments&post=84711"}],"version-history":[{"count":1,"href":"https:\/\/labestiapolitica.com.mx\/index.php?rest_route=\/wp\/v2\/posts\/84711\/revisions"}],"predecessor-version":[{"id":84713,"href":"https:\/\/labestiapolitica.com.mx\/index.php?rest_route=\/wp\/v2\/posts\/84711\/revisions\/84713"}],"wp:featuredmedia":[{"embeddable":true,"href":"https:\/\/labestiapolitica.com.mx\/index.php?rest_route=\/wp\/v2\/media\/84712"}],"wp:attachment":[{"href":"https:\/\/labestiapolitica.com.mx\/index.php?rest_route=%2Fwp%2Fv2%2Fmedia&parent=84711"}],"wp:term":[{"taxonomy":"category","embeddable":true,"href":"https:\/\/labestiapolitica.com.mx\/index.php?rest_route=%2Fwp%2Fv2%2Fcategories&post=84711"},{"taxonomy":"post_tag","embeddable":true,"href":"https:\/\/labestiapolitica.com.mx\/index.php?rest_route=%2Fwp%2Fv2%2Ftags&post=84711"}],"curies":[{"name":"wp","href":"https:\/\/api.w.org\/{rel}","templated":true}]}}