{"id":84728,"date":"2026-09-04T14:31:22","date_gmt":"2026-09-04T20:31:22","guid":{"rendered":"https:\/\/labestiapolitica.com.mx\/?p=84728"},"modified":"2026-09-04T14:31:22","modified_gmt":"2026-09-04T20:31:22","slug":"regreso-de-estancias-infantiles-seguras-proponen-miriam-martinez-y-adriana-melendez-en-agenda-legislativa-del-pan","status":"publish","type":"post","link":"https:\/\/labestiapolitica.com.mx\/?p=84728","title":{"rendered":"Regreso de estancias infantiles seguras, proponen Miriam Mart\u00ednez y Adriana Mel\u00e9ndez en Agenda Legislativa del PAN."},"content":{"rendered":"<ul>\n<li style=\"text-align: justify;\">La propuesta forma parte de la Agenda Legislativa construida a partir del di\u00e1logo directo con alrededor de 300 mil tlaxcaltecas.<\/li>\n<\/ul>\n<p style=\"text-align: justify;\">La profesionista y madre de familia Adriana Mel\u00e9ndez Polvo present\u00f3 y respald\u00f3 la propuesta de la diputada Miriam Mart\u00ednez S\u00e1nchez para recuperar las estancias infantiles en Tlaxcala, bajo un modelo seguro, regulado y con supervisi\u00f3n permanente.<\/p>\n<p style=\"text-align: justify;\">Originaria de La Magdalena Tlaltelulco, Mel\u00e9ndez Polvo se\u00f1al\u00f3 que miles de madres trabajadoras enfrentan diariamente la necesidad de salir a laborar sin contar con espacios adecuados y personal capacitado para el cuidado de sus hijas e hijos.<\/p>\n<blockquote>\n<p style=\"text-align: justify;\"><strong><em>\u201cNecesitamos que regresen las estancias infantiles. Son necesarias para apoyar a las mujeres trabajadoras y brindar protecci\u00f3n, seguridad y desarrollo integral a las ni\u00f1as y ni\u00f1os de nuestro estado\u201d<\/em><\/strong>, afirm\u00f3.<\/p>\n<\/blockquote>\n<p style=\"text-align: justify;\">La iniciativa plantea expedir la Ley de Prestaci\u00f3n de Servicios para la Atenci\u00f3n, Cuidado y Desarrollo Integral Infantil del Estado de Tlaxcala, con reglas claras para autorizar, supervisar y sancionar irregularidades.<\/p>\n<p style=\"text-align: justify;\">Tambi\u00e9n propone crear un Registro Estatal de Centros de Atenci\u00f3n Infantil e implementar inspecciones coordinadas entre el Gobierno del Estado y los municipios, con participaci\u00f3n de Protecci\u00f3n Civil y autoridades sanitarias.<\/p>\n<p style=\"text-align: justify;\">Las revisiones contemplar\u00edan infraestructura, salubridad, alimentaci\u00f3n, capacitaci\u00f3n del personal y protocolos de prevenci\u00f3n y actuaci\u00f3n ante emergencias, para garantizar espacios dignos y seguros.<\/p>\n<p style=\"text-align: justify;\">Mel\u00e9ndez Polvo destac\u00f3 que esta propuesta responde especialmente a las necesidades de las mujeres que trabajan en la informalidad y carecen de prestaciones.<\/p>\n<p style=\"text-align: justify;\">Al cierre de 2024, m\u00e1s de 200 mil mujeres en Tlaxcala ten\u00edan un empleo informal.<\/p>\n<p style=\"text-align: justify;\">Finalmente, reconoci\u00f3 el trabajo territorial de Miriam Mart\u00ednez y se\u00f1al\u00f3 que la propuesta forma parte de una agenda construida mediante el di\u00e1logo directo con alrededor de 300 mil tlaxcaltecas.<\/p>\n<blockquote>\n<p style=\"text-align: justify;\"><strong><em>\u201cRecuperar las estancias infantiles significa respaldar a las madres trabajadoras, proteger a nuestras ni\u00f1as y ni\u00f1os y ofrecer a las familias espacios dignos y seguros\u201d, <\/em><\/strong>concluy\u00f3.<\/p>\n<\/blockquote>\n<p>&nbsp;<\/p>\n<p><img loading=\"lazy\" decoding=\"async\" class=\"aligncenter wp-image-79046 size-large\" src=\"https:\/\/labestiapolitica.com.mx\/wp-content\/uploads\/2026\/07\/AJ-uni-819x1024.jpeg\" alt=\"\" width=\"640\" height=\"800\" srcset=\"https:\/\/labestiapolitica.com.mx\/wp-content\/uploads\/2026\/07\/AJ-uni-819x1024.jpeg 819w, https:\/\/labestiapolitica.com.mx\/wp-content\/uploads\/2026\/07\/AJ-uni-240x300.jpeg 240w, https:\/\/labestiapolitica.com.mx\/wp-content\/uploads\/2026\/07\/AJ-uni-768x960.jpeg 768w, https:\/\/labestiapolitica.com.mx\/wp-content\/uploads\/2026\/07\/AJ-uni.jpeg 1080w\" sizes=\"auto, (max-width: 640px) 100vw, 640px\" \/><\/p>\n","protected":false},"excerpt":{"rendered":"<p>La propuesta forma parte de la Agenda Legislativa construida a partir del di\u00e1logo directo con alrededor de 300 mil tlaxcaltecas. La profesionista y madre de familia Adriana Mel\u00e9ndez Polvo present\u00f3 y respald\u00f3 la propuesta de la diputada Miriam Mart\u00ednez S\u00e1nchez para recuperar las estancias infantiles en Tlaxcala, bajo un modelo seguro, regulado y con supervisi\u00f3n [&hellip;]<\/p>\n","protected":false},"author":5,"featured_media":84729,"comment_status":"open","ping_status":"open","sticky":false,"template":"","format":"standard","meta":{"footnotes":""},"categories":[248,264,247],"tags":[],"class_list":["post-84728","post","type-post","status-publish","format-standard","has-post-thumbnail","hentry","category-pan","category-partidos-politicos","category-politica"],"amp_enabled":true,"_links":{"self":[{"href":"https:\/\/labestiapolitica.com.mx\/index.php?rest_route=\/wp\/v2\/posts\/84728","targetHints":{"allow":["GET"]}}],"collection":[{"href":"https:\/\/labestiapolitica.com.mx\/index.php?rest_route=\/wp\/v2\/posts"}],"about":[{"href":"https:\/\/labestiapolitica.com.mx\/index.php?rest_route=\/wp\/v2\/types\/post"}],"author":[{"embeddable":true,"href":"https:\/\/labestiapolitica.com.mx\/index.php?rest_route=\/wp\/v2\/users\/5"}],"replies":[{"embeddable":true,"href":"https:\/\/labestiapolitica.com.mx\/index.php?rest_route=%2Fwp%2Fv2%2Fcomments&post=84728"}],"version-history":[{"count":1,"href":"https:\/\/labestiapolitica.com.mx\/index.php?rest_route=\/wp\/v2\/posts\/84728\/revisions"}],"predecessor-version":[{"id":84730,"href":"https:\/\/labestiapolitica.com.mx\/index.php?rest_route=\/wp\/v2\/posts\/84728\/revisions\/84730"}],"wp:featuredmedia":[{"embeddable":true,"href":"https:\/\/labestiapolitica.com.mx\/index.php?rest_route=\/wp\/v2\/media\/84729"}],"wp:attachment":[{"href":"https:\/\/labestiapolitica.com.mx\/index.php?rest_route=%2Fwp%2Fv2%2Fmedia&parent=84728"}],"wp:term":[{"taxonomy":"category","embeddable":true,"href":"https:\/\/labestiapolitica.com.mx\/index.php?rest_route=%2Fwp%2Fv2%2Fcategories&post=84728"},{"taxonomy":"post_tag","embeddable":true,"href":"https:\/\/labestiapolitica.com.mx\/index.php?rest_route=%2Fwp%2Fv2%2Ftags&post=84728"}],"curies":[{"name":"wp","href":"https:\/\/api.w.org\/{rel}","templated":true}]}}