{"id":84734,"date":"2026-09-04T14:38:11","date_gmt":"2026-09-04T20:38:11","guid":{"rendered":"https:\/\/labestiapolitica.com.mx\/?p=84734"},"modified":"2026-09-04T14:38:43","modified_gmt":"2026-09-04T20:38:43","slug":"alfonso-sanchez-refrenda-desde-santa-cruz-tlaxcala-su-respaldo-a-la-transformacion","status":"publish","type":"post","link":"https:\/\/labestiapolitica.com.mx\/?p=84734","title":{"rendered":"Alfonso S\u00e1nchez refrenda desde Santa Cruz Tlaxcala su respaldo a la transformaci\u00f3n."},"content":{"rendered":"<p style=\"text-align: justify;\">Desde Santa Cruz Tlaxcala, Alfonso S\u00e1nchez Garc\u00eda destac\u00f3 que la transformaci\u00f3n se defiende desde el territorio y junto al pueblo, al refrendar su respaldo a la soberan\u00eda nacional y al proyecto que encabeza la presidenta Claudia Sheinbaum Pardo.<\/p>\n<p style=\"text-align: justify;\">Se\u00f1al\u00f3 que formar parte de la Cuarta Transformaci\u00f3n implica mantenerse cerca de la gente, escuchar a las comunidades y fortalecer la organizaci\u00f3n para defender los avances construidos entre todas y todos.<\/p>\n<p style=\"text-align: justify;\">Tambi\u00e9n sostuvo que la unidad y la cercan\u00eda con el pueblo son fundamentales para dar continuidad a este proyecto, con honestidad, organizaci\u00f3n y compromiso con las comunidades de Tlaxcala.<\/p>\n<p>&nbsp;<\/p>\n<p><img loading=\"lazy\" decoding=\"async\" class=\"aligncenter wp-image-79046 size-large\" src=\"https:\/\/labestiapolitica.com.mx\/wp-content\/uploads\/2026\/07\/AJ-uni-819x1024.jpeg\" alt=\"\" width=\"640\" height=\"800\" srcset=\"https:\/\/labestiapolitica.com.mx\/wp-content\/uploads\/2026\/07\/AJ-uni-819x1024.jpeg 819w, https:\/\/labestiapolitica.com.mx\/wp-content\/uploads\/2026\/07\/AJ-uni-240x300.jpeg 240w, https:\/\/labestiapolitica.com.mx\/wp-content\/uploads\/2026\/07\/AJ-uni-768x960.jpeg 768w, https:\/\/labestiapolitica.com.mx\/wp-content\/uploads\/2026\/07\/AJ-uni.jpeg 1080w\" sizes=\"auto, (max-width: 640px) 100vw, 640px\" \/><\/p>\n","protected":false},"excerpt":{"rendered":"<p>Desde Santa Cruz Tlaxcala, Alfonso S\u00e1nchez Garc\u00eda destac\u00f3 que la transformaci\u00f3n se defiende desde el territorio y junto al pueblo, al refrendar su respaldo a la soberan\u00eda nacional y al proyecto que encabeza la presidenta Claudia Sheinbaum Pardo. Se\u00f1al\u00f3 que formar parte de la Cuarta Transformaci\u00f3n implica mantenerse cerca de la gente, escuchar a las [&hellip;]<\/p>\n","protected":false},"author":5,"featured_media":84736,"comment_status":"open","ping_status":"open","sticky":false,"template":"","format":"standard","meta":{"footnotes":""},"categories":[7],"tags":[],"class_list":["post-84734","post","type-post","status-publish","format-standard","has-post-thumbnail","hentry","category-ciudadanos"],"amp_enabled":true,"_links":{"self":[{"href":"https:\/\/labestiapolitica.com.mx\/index.php?rest_route=\/wp\/v2\/posts\/84734","targetHints":{"allow":["GET"]}}],"collection":[{"href":"https:\/\/labestiapolitica.com.mx\/index.php?rest_route=\/wp\/v2\/posts"}],"about":[{"href":"https:\/\/labestiapolitica.com.mx\/index.php?rest_route=\/wp\/v2\/types\/post"}],"author":[{"embeddable":true,"href":"https:\/\/labestiapolitica.com.mx\/index.php?rest_route=\/wp\/v2\/users\/5"}],"replies":[{"embeddable":true,"href":"https:\/\/labestiapolitica.com.mx\/index.php?rest_route=%2Fwp%2Fv2%2Fcomments&post=84734"}],"version-history":[{"count":1,"href":"https:\/\/labestiapolitica.com.mx\/index.php?rest_route=\/wp\/v2\/posts\/84734\/revisions"}],"predecessor-version":[{"id":84735,"href":"https:\/\/labestiapolitica.com.mx\/index.php?rest_route=\/wp\/v2\/posts\/84734\/revisions\/84735"}],"wp:featuredmedia":[{"embeddable":true,"href":"https:\/\/labestiapolitica.com.mx\/index.php?rest_route=\/wp\/v2\/media\/84736"}],"wp:attachment":[{"href":"https:\/\/labestiapolitica.com.mx\/index.php?rest_route=%2Fwp%2Fv2%2Fmedia&parent=84734"}],"wp:term":[{"taxonomy":"category","embeddable":true,"href":"https:\/\/labestiapolitica.com.mx\/index.php?rest_route=%2Fwp%2Fv2%2Fcategories&post=84734"},{"taxonomy":"post_tag","embeddable":true,"href":"https:\/\/labestiapolitica.com.mx\/index.php?rest_route=%2Fwp%2Fv2%2Ftags&post=84734"}],"curies":[{"name":"wp","href":"https:\/\/api.w.org\/{rel}","templated":true}]}}