{"id":84737,"date":"2026-09-04T15:26:35","date_gmt":"2026-09-04T21:26:35","guid":{"rendered":"https:\/\/labestiapolitica.com.mx\/?p=84737"},"modified":"2026-09-04T15:26:35","modified_gmt":"2026-09-04T21:26:35","slug":"ayuntamiento-de-panotla-y-junta-patriotica-2026-preservan-las-tradiciones-con-la-pega-de-bandos-solemnes","status":"publish","type":"post","link":"https:\/\/labestiapolitica.com.mx\/?p=84737","title":{"rendered":"Ayuntamiento de Panotla y Junta Patri\u00f3tica 2026 preservan las tradiciones con la pega de bandos solemnes."},"content":{"rendered":"<p style=\"text-align: justify;\">El Ayuntamiento de Panotla, que encabeza el presidente municipal Idelfonso Carro Rold\u00e1n, acompa\u00f1ado por integrantes de la H. Junta Patri\u00f3tica 2026, llev\u00f3 a cabo la tradicional pega de Bandos Solemnes en las escuelas de la cabecera municipal, con motivo de las celebraciones de las Fiestas Patrias.<\/p>\n<p style=\"text-align: justify;\">Esta actividad representa una de las tradiciones que a\u00f1o con a\u00f1o anuncian formalmente a la ciudadan\u00eda el inicio de las actividades conmemorativas de septiembre, fortaleciendo entre las nuevas generaciones el conocimiento, respeto y orgullo por nuestra historia y nuestros s\u00edmbolos nacionales.<\/p>\n<p style=\"text-align: justify;\">Durante el recorrido tambi\u00e9n estuvieron presentes la s\u00edndica municipal Jaqueline Amador Bonilla; Horacio Flores Flores, presidente de la Colonia Emiliano Zapata; Guadalupe Dur\u00e1n S\u00e1nchez, presidenta de comunidad de Apatlahco; Dany Morales, presidente de San Jorge Tezoquipan; Rafael V\u00e1zquez Cu\u00e9llar, presidente de Techachalco; Cristhian Rold\u00e1n S\u00e1nchez, presidente de Acatitla; as\u00ed como Jer\u00f3nimo Flores Mixcoatl, presidente de las Fiestas Patrias 2026.<\/p>\n<p style=\"text-align: justify;\">El presidente municipal destac\u00f3 la importancia de mantener vivas estas costumbres, especialmente entre ni\u00f1as, ni\u00f1os y j\u00f3venes, porque conocer nuestra historia tambi\u00e9n es una manera de fortalecer nuestra identidad y el sentido de pertenencia a Panotla y a M\u00e9xico.<\/p>\n<p style=\"text-align: justify;\">Con esta pega de Bandos Solemnes, el Ayuntamiento de Panotla y la H. Junta Patri\u00f3tica 2026 refrendan su compromiso de preservar las tradiciones y generar espacios de convivencia familiar durante esta celebraci\u00f3n nacional.<\/p>\n<p style=\"text-align: center;\"><em>\u00a1Que viva Panotla y que viva M\u00e9xico!<\/em><\/p>\n<p>&nbsp;<\/p>\n<p><img loading=\"lazy\" decoding=\"async\" class=\"aligncenter wp-image-79046 size-large\" src=\"https:\/\/labestiapolitica.com.mx\/wp-content\/uploads\/2026\/07\/AJ-uni-819x1024.jpeg\" alt=\"\" width=\"640\" height=\"800\" srcset=\"https:\/\/labestiapolitica.com.mx\/wp-content\/uploads\/2026\/07\/AJ-uni-819x1024.jpeg 819w, https:\/\/labestiapolitica.com.mx\/wp-content\/uploads\/2026\/07\/AJ-uni-240x300.jpeg 240w, https:\/\/labestiapolitica.com.mx\/wp-content\/uploads\/2026\/07\/AJ-uni-768x960.jpeg 768w, https:\/\/labestiapolitica.com.mx\/wp-content\/uploads\/2026\/07\/AJ-uni.jpeg 1080w\" sizes=\"auto, (max-width: 640px) 100vw, 640px\" \/><\/p>\n","protected":false},"excerpt":{"rendered":"<p>El Ayuntamiento de Panotla, que encabeza el presidente municipal Idelfonso Carro Rold\u00e1n, acompa\u00f1ado por integrantes de la H. Junta Patri\u00f3tica 2026, llev\u00f3 a cabo la tradicional pega de Bandos Solemnes en las escuelas de la cabecera municipal, con motivo de las celebraciones de las Fiestas Patrias. Esta actividad representa una de las tradiciones que a\u00f1o [&hellip;]<\/p>\n","protected":false},"author":5,"featured_media":84739,"comment_status":"open","ping_status":"open","sticky":false,"template":"","format":"standard","meta":{"footnotes":""},"categories":[216,237],"tags":[],"class_list":["post-84737","post","type-post","status-publish","format-standard","has-post-thumbnail","hentry","category-municipios","category-panotla"],"amp_enabled":true,"_links":{"self":[{"href":"https:\/\/labestiapolitica.com.mx\/index.php?rest_route=\/wp\/v2\/posts\/84737","targetHints":{"allow":["GET"]}}],"collection":[{"href":"https:\/\/labestiapolitica.com.mx\/index.php?rest_route=\/wp\/v2\/posts"}],"about":[{"href":"https:\/\/labestiapolitica.com.mx\/index.php?rest_route=\/wp\/v2\/types\/post"}],"author":[{"embeddable":true,"href":"https:\/\/labestiapolitica.com.mx\/index.php?rest_route=\/wp\/v2\/users\/5"}],"replies":[{"embeddable":true,"href":"https:\/\/labestiapolitica.com.mx\/index.php?rest_route=%2Fwp%2Fv2%2Fcomments&post=84737"}],"version-history":[{"count":1,"href":"https:\/\/labestiapolitica.com.mx\/index.php?rest_route=\/wp\/v2\/posts\/84737\/revisions"}],"predecessor-version":[{"id":84740,"href":"https:\/\/labestiapolitica.com.mx\/index.php?rest_route=\/wp\/v2\/posts\/84737\/revisions\/84740"}],"wp:featuredmedia":[{"embeddable":true,"href":"https:\/\/labestiapolitica.com.mx\/index.php?rest_route=\/wp\/v2\/media\/84739"}],"wp:attachment":[{"href":"https:\/\/labestiapolitica.com.mx\/index.php?rest_route=%2Fwp%2Fv2%2Fmedia&parent=84737"}],"wp:term":[{"taxonomy":"category","embeddable":true,"href":"https:\/\/labestiapolitica.com.mx\/index.php?rest_route=%2Fwp%2Fv2%2Fcategories&post=84737"},{"taxonomy":"post_tag","embeddable":true,"href":"https:\/\/labestiapolitica.com.mx\/index.php?rest_route=%2Fwp%2Fv2%2Ftags&post=84737"}],"curies":[{"name":"wp","href":"https:\/\/api.w.org\/{rel}","templated":true}]}}