{"id":84744,"date":"2026-09-04T15:30:10","date_gmt":"2026-09-04T21:30:10","guid":{"rendered":"https:\/\/labestiapolitica.com.mx\/?p=84744"},"modified":"2026-09-04T15:31:16","modified_gmt":"2026-09-04T21:31:16","slug":"84744","status":"publish","type":"post","link":"https:\/\/labestiapolitica.com.mx\/?p=84744","title":{"rendered":"La UATx y la CEAM refuerzan formaci\u00f3n jur\u00eddica en materia de derecho animal."},"content":{"rendered":"<ul>\n<li style=\"font-weight: 400; text-align: justify;\">Nuevos desaf\u00edos para la justicia y la sociedad<\/li>\n<\/ul>\n<p style=\"font-weight: 400; text-align: justify;\">Construir un futuro donde la compasi\u00f3n supere a la indiferencia comienza por reconocer que la justicia tambi\u00e9n debe proteger a los animales, con esta visi\u00f3n, la Facultad de Derecho, Ciencias Pol\u00edticas, Criminolog\u00eda y Policiolog\u00eda de la Universidad Aut\u00f3noma de Tlaxcal (FDCPCyP-UATx) y la Comisi\u00f3n Estatal de Arbitraje M\u00e9dico de Tlaxcala (CEAM), inauguraron el\u00a0\ud835\udc12\ud835\udc1e\ud835\udc26\ud835\udc22\ud835\udc27\ud835\udc1a\ud835\udc2b\ud835\udc22\ud835\udc28\u00a0\ud835\udc1d\ud835\udc1e\u00a0\ud835\udc00\ud835\udc2b\ud835\udc1b\ud835\udc22\ud835\udc2d\ud835\udc2b\ud835\udc1a\ud835\udc23\ud835\udc1e\u00a0\ud835\udc0c\ud835\udc1e\u0301\ud835\udc1d\ud835\udc22\ud835\udc1c\ud835\udc28\u00a0\ud835\udc15\ud835\udc1e\ud835\udc2d\ud835\udc1e\ud835\udc2b\ud835\udc22\ud835\udc27\ud835\udc1a\ud835\udc2b\ud835\udc22\ud835\udc28:\u00a0\ud835\udc03\ud835\udc1e\ud835\udc2b\ud835\udc1e\ud835\udc1c\ud835\udc21\ud835\udc28\u00a0\ud835\udc1a\ud835\udc27\ud835\udc22\ud835\udc26\ud835\udc1a\ud835\udc25, en el Auditorio Interactivo \u201cManuel de Lardiz\u00e1bal y Uribe\u201d.<\/p>\n<p style=\"font-weight: 400; text-align: justify;\">Durante el acto, la Doctora Lilibeth Portillo Rumbo, Coordinadora de la Divisi\u00f3n de Ciencias Sociales y Humanidades, asent\u00f3 que abordar el derecho animal tambi\u00e9n implica hablar de humanismo, pues la manera en que nos relacionamos con otras especies refleja nuestros valores, nuestra sensibilidad y la sociedad que queremos construir.<\/p>\n<p style=\"font-weight: 400; text-align: justify;\">Reconoci\u00f3 que hoy en d\u00eda existe una conciencia cada vez mayor de que los animales no pueden ser vistos simplemente como objetos, sino como seres sintientes, capaces de experimentar dolor, miedo, placer y bienestar, y es ah\u00ed donde el Derecho tiene un papel fundamental para dar respuesta a estos cambios y contribuir a una convivencia cada vez m\u00e1s responsable y respetable.<\/p>\n<p style=\"font-weight: 400; text-align: justify;\">En su momento, el Doctor \u00d3scar Xicot\u00e9ncatl P\u00e9rez, Presidente de la CEAM, coment\u00f3 que con la implementaci\u00f3n de la Ley de Bienestar Animal, el estado reconoce a los animales como seres sintientes con derecho a la alimentaci\u00f3n, un alojamiento digno y un trato respetuoso. Este cambio de paradigma legal compromete a las instancias gubernamentales y autoridades competentes a vigilar y hacer cumplir dicho marco normativo, facult\u00e1ndolas para sancionar los actos de incumplimiento conforme a la ley.<\/p>\n<p style=\"font-weight: 400; text-align: justify;\">A su vez, el Maestro Andr\u00e9s Telmoltz\u00edn Teom\u00edtzi, Director de la Facultad, acompa\u00f1ado de integrantes de su equipo directivo, recalc\u00f3 que la FDCPCyP fortalece la formaci\u00f3n de sus estudiantes en diversas disciplinas, en esta ocasi\u00f3n con la colaboraci\u00f3n con la CEAM para la realizaci\u00f3n de este seminario que se enfoca en comprender la protecci\u00f3n animal y regular la relaci\u00f3n entre los profesionales de la salud veterinaria y usuarios.<\/p>\n<p style=\"font-weight: 400; text-align: justify;\">El seminario comenz\u00f3 con la conferencia\u00a0\ud835\udc00\ud835\udc25\ud835\udc1c\ud835\udc1a\ud835\udc27\ud835\udc1c\ud835\udc1e\ud835\udc2c\u00a0\ud835\udc1d\ud835\udc1e\ud835\udc25\u00a0\ud835\udc03\ud835\udc1e\ud835\udc29\ud835\udc1a\ud835\udc2b\ud835\udc2d\ud835\udc1a\ud835\udc26\ud835\udc1e\ud835\udc27\ud835\udc2d\ud835\udc28\u00a0\ud835\udc1d\ud835\udc1e\u00a0\ud835\udc00\ud835\udc2b\ud835\udc1b\ud835\udc22\ud835\udc2d\ud835\udc2b\ud835\udc1a\ud835\udc23\ud835\udc1e\u00a0\ud835\udc0c\ud835\udc1e\u0301\ud835\udc1d\ud835\udc22\ud835\udc1c\ud835\udc28\u00a0\ud835\udc15\ud835\udc1e\ud835\udc2d\ud835\udc1e\ud835\udc2b\ud835\udc22\ud835\udc27\ud835\udc1a\ud835\udc2b\ud835\udc22\ud835\udc28, impartida por el MVZ Carlos Morales Guti\u00e9rrez, Jefe de este Departamento en la CEAM. A lo largo de la jornada, especialistas abordaron tambi\u00e9n la evoluci\u00f3n del reconocimiento jur\u00eddico de los animales como seres sintientes, la atenci\u00f3n inicial ante agresiones caninas y los principios del derecho animal, ofreciendo una visi\u00f3n integral desde los \u00e1mbitos jur\u00eddico, veterinario y de salud p\u00fablica.<\/p>\n<p style=\"font-weight: 400; text-align: justify;\">Adem\u00e1s se abordaron temas como: De bienes a seres sintientes: Evoluci\u00f3n hist\u00f3rica del reconocimiento jur\u00eddico de los animales en M\u00e9xico, impartido por la M\u00e9dico Veterinaria Zootecnista Esperanza R\u00edos Granillo; Primeros respondientes en agresiones caninas, a cargo del Maestro Jos\u00e9 Cosme P\u00e9rez Mar\u00edn, y Derecho animal, por el Licenciado Edmundo P\u00e9rez Garc\u00eda, Jefe del Departamento Jur\u00eddico de la CEAM.<\/p>\n","protected":false},"excerpt":{"rendered":"<p>Nuevos desaf\u00edos para la justicia y la sociedad Construir un futuro donde la compasi\u00f3n supere a la indiferencia comienza por reconocer que la justicia tambi\u00e9n debe proteger a los animales, con esta visi\u00f3n, la Facultad de Derecho, Ciencias Pol\u00edticas, Criminolog\u00eda y Policiolog\u00eda de la Universidad Aut\u00f3noma de Tlaxcal (FDCPCyP-UATx) y la Comisi\u00f3n Estatal de Arbitraje [&hellip;]<\/p>\n","protected":false},"author":5,"featured_media":84746,"comment_status":"open","ping_status":"open","sticky":false,"template":"","format":"standard","meta":{"footnotes":""},"categories":[213,241],"tags":[],"class_list":["post-84744","post","type-post","status-publish","format-standard","has-post-thumbnail","hentry","category-educacion","category-uatx"],"amp_enabled":true,"_links":{"self":[{"href":"https:\/\/labestiapolitica.com.mx\/index.php?rest_route=\/wp\/v2\/posts\/84744","targetHints":{"allow":["GET"]}}],"collection":[{"href":"https:\/\/labestiapolitica.com.mx\/index.php?rest_route=\/wp\/v2\/posts"}],"about":[{"href":"https:\/\/labestiapolitica.com.mx\/index.php?rest_route=\/wp\/v2\/types\/post"}],"author":[{"embeddable":true,"href":"https:\/\/labestiapolitica.com.mx\/index.php?rest_route=\/wp\/v2\/users\/5"}],"replies":[{"embeddable":true,"href":"https:\/\/labestiapolitica.com.mx\/index.php?rest_route=%2Fwp%2Fv2%2Fcomments&post=84744"}],"version-history":[{"count":3,"href":"https:\/\/labestiapolitica.com.mx\/index.php?rest_route=\/wp\/v2\/posts\/84744\/revisions"}],"predecessor-version":[{"id":84748,"href":"https:\/\/labestiapolitica.com.mx\/index.php?rest_route=\/wp\/v2\/posts\/84744\/revisions\/84748"}],"wp:featuredmedia":[{"embeddable":true,"href":"https:\/\/labestiapolitica.com.mx\/index.php?rest_route=\/wp\/v2\/media\/84746"}],"wp:attachment":[{"href":"https:\/\/labestiapolitica.com.mx\/index.php?rest_route=%2Fwp%2Fv2%2Fmedia&parent=84744"}],"wp:term":[{"taxonomy":"category","embeddable":true,"href":"https:\/\/labestiapolitica.com.mx\/index.php?rest_route=%2Fwp%2Fv2%2Fcategories&post=84744"},{"taxonomy":"post_tag","embeddable":true,"href":"https:\/\/labestiapolitica.com.mx\/index.php?rest_route=%2Fwp%2Fv2%2Ftags&post=84744"}],"curies":[{"name":"wp","href":"https:\/\/api.w.org\/{rel}","templated":true}]}}