{"id":84749,"date":"2026-09-04T15:32:57","date_gmt":"2026-09-04T21:32:57","guid":{"rendered":"https:\/\/labestiapolitica.com.mx\/?p=84749"},"modified":"2026-09-04T15:32:57","modified_gmt":"2026-09-04T21:32:57","slug":"claudia-sheinbaum-visitaria-tlaxcala-el-17-de-septiembre","status":"publish","type":"post","link":"https:\/\/labestiapolitica.com.mx\/?p=84749","title":{"rendered":"Claudia Sheinbaum visitar\u00eda Tlaxcala el 17 de septiembre."},"content":{"rendered":"<ul>\n<li style=\"text-align: justify;\">La fecha es tentativa y depender\u00e1 de la agenda de la Presidencia; la visita forma parte de la gira nacional por el Segundo Informe de Gobierno.<\/li>\n<\/ul>\n<p style=\"text-align: justify;\"><em><strong>Daniel Angulo<\/strong><\/em> | La presidenta de M\u00e9xico, Claudia Sheinbaum Pardo, tiene previsto visitar Tlaxcala el pr\u00f3ximo 17 de septiembre, como parte de la gira que realiza por las entidades del pa\u00eds para rendir cuentas sobre los resultados de su Segundo Informe de Gobierno.<\/p>\n<p style=\"text-align: justify;\">El coordinador general de Comunicaci\u00f3n del Gobierno del Estado, Antonio Mart\u00ednez Vel\u00e1zquez, inform\u00f3 que esta es la fecha que se contempla tentativamente para la presencia de la mandataria federal en Tlaxcala, aunque aclar\u00f3 que podr\u00eda modificarse de acuerdo con la agenda de la Oficina de la Presidencia de la Rep\u00fablica.<\/p>\n<p style=\"text-align: justify;\">Sheinbaum Pardo inici\u00f3 este 3 de septiembre en Morelos la gira nacional mediante la cual recorrer\u00e1 distintos estados para informar directamente a la poblaci\u00f3n sobre los resultados de su segundo a\u00f1o de gobierno.<\/p>\n<p style=\"text-align: justify;\">La visita a Tlaxcala se dar\u00e1, adem\u00e1s, en un momento de particular inter\u00e9s pol\u00edtico para la entidad, ante las definiciones que est\u00e1n pendientes dentro de Morena respecto a la Coordinaci\u00f3n Estatal de la Defensa de la Transformaci\u00f3n y Soberan\u00eda Nacional, cuya designaci\u00f3n permanece hasta el momento en reserva por parte de la dirigencia del movimiento.<\/p>\n<p style=\"text-align: justify;\">Como antecedente, el 12 de septiembre de 2025, Sheinbaum visit\u00f3 el municipio de Apizaco como parte de la gira nacional que realiz\u00f3 con motivo de su primer a\u00f1o de gobierno, para despu\u00e9s cerrar ese recorrido en el Z\u00f3calo de la Ciudad de M\u00e9xico.<\/p>\n","protected":false},"excerpt":{"rendered":"<p>La fecha es tentativa y depender\u00e1 de la agenda de la Presidencia; la visita forma parte de la gira nacional por el Segundo Informe de Gobierno. Daniel Angulo | La presidenta de M\u00e9xico, Claudia Sheinbaum Pardo, tiene previsto visitar Tlaxcala el pr\u00f3ximo 17 de septiembre, como parte de la gira que realiza por las entidades [&hellip;]<\/p>\n","protected":false},"author":5,"featured_media":84750,"comment_status":"open","ping_status":"open","sticky":false,"template":"","format":"standard","meta":{"footnotes":""},"categories":[3,7],"tags":[],"class_list":["post-84749","post","type-post","status-publish","format-standard","has-post-thumbnail","hentry","category-8-columnas","category-ciudadanos"],"amp_enabled":true,"_links":{"self":[{"href":"https:\/\/labestiapolitica.com.mx\/index.php?rest_route=\/wp\/v2\/posts\/84749","targetHints":{"allow":["GET"]}}],"collection":[{"href":"https:\/\/labestiapolitica.com.mx\/index.php?rest_route=\/wp\/v2\/posts"}],"about":[{"href":"https:\/\/labestiapolitica.com.mx\/index.php?rest_route=\/wp\/v2\/types\/post"}],"author":[{"embeddable":true,"href":"https:\/\/labestiapolitica.com.mx\/index.php?rest_route=\/wp\/v2\/users\/5"}],"replies":[{"embeddable":true,"href":"https:\/\/labestiapolitica.com.mx\/index.php?rest_route=%2Fwp%2Fv2%2Fcomments&post=84749"}],"version-history":[{"count":1,"href":"https:\/\/labestiapolitica.com.mx\/index.php?rest_route=\/wp\/v2\/posts\/84749\/revisions"}],"predecessor-version":[{"id":84751,"href":"https:\/\/labestiapolitica.com.mx\/index.php?rest_route=\/wp\/v2\/posts\/84749\/revisions\/84751"}],"wp:featuredmedia":[{"embeddable":true,"href":"https:\/\/labestiapolitica.com.mx\/index.php?rest_route=\/wp\/v2\/media\/84750"}],"wp:attachment":[{"href":"https:\/\/labestiapolitica.com.mx\/index.php?rest_route=%2Fwp%2Fv2%2Fmedia&parent=84749"}],"wp:term":[{"taxonomy":"category","embeddable":true,"href":"https:\/\/labestiapolitica.com.mx\/index.php?rest_route=%2Fwp%2Fv2%2Fcategories&post=84749"},{"taxonomy":"post_tag","embeddable":true,"href":"https:\/\/labestiapolitica.com.mx\/index.php?rest_route=%2Fwp%2Fv2%2Ftags&post=84749"}],"curies":[{"name":"wp","href":"https:\/\/api.w.org\/{rel}","templated":true}]}}