{"id":84752,"date":"2026-09-04T15:36:24","date_gmt":"2026-09-04T21:36:24","guid":{"rendered":"https:\/\/labestiapolitica.com.mx\/?p=84752"},"modified":"2026-09-04T15:36:24","modified_gmt":"2026-09-04T21:36:24","slug":"honores-a-la-bandera-reunen-a-la-comunidad-de-santa-anita-estudiantes-y-personal-del-smdif-huamantla","status":"publish","type":"post","link":"https:\/\/labestiapolitica.com.mx\/?p=84752","title":{"rendered":"Honores a la bandera re\u00fanen a la comunidad de Santa Anita, estudiantes y personal del SMDIF Huamantla."},"content":{"rendered":"<p style=\"text-align: justify;\">Con la participaci\u00f3n de estudiantes, familias, autoridades municipales y representantes de la comunidad de Santa Anita, se llevaron a cabo los tradicionales Honores a la Bandera en el centro de Huamantla, como parte de las actividades c\u00edvicas que se realizan durante este mes patrio.<\/p>\n<p style=\"text-align: justify;\">En esta ocasi\u00f3n, correspondi\u00f3 participar a la comunidad de Santa Anita, encabezada por su presidenta, Lourdes Ivonne Sosa, acompa\u00f1ada por su personal, as\u00ed como a estudiantes, docentes y padres de familia de la Escuela Secundaria T\u00e9cnica No. 44, quienes formaron parte de esta ceremonia c\u00edvica.<\/p>\n<p style=\"text-align: justify;\">Tambi\u00e9n estuvo presente la presidenta honor\u00edfica del SMDIF Huamantla, Lic. Roc\u00edo Hern\u00e1ndez Castillo, junto con el personal del Sistema Municipal para el Desarrollo Integral de la Familia, adem\u00e1s de integrantes del Ayuntamiento y presidentes de comunidad.<\/p>\n<p style=\"text-align: justify;\">Durante su participaci\u00f3n, el director de la Escuela Secundaria T\u00e9cnica No. 44, Fernando Ortiz Retama, resalt\u00f3 que septiembre es un mes de gran importancia para los mexicanos, al ser una \u00e9poca en la que se recuerdan acontecimientos memorables de nuestra historia y se fortalece el sentido patri\u00f3tico, especialmente entre las nuevas generaciones.<\/p>\n<p style=\"text-align: justify;\">En su intervenci\u00f3n, la presidenta honor\u00edfica del SMDIF Huamantla, Lic. Roc\u00edo Hern\u00e1ndez Castillo, destac\u00f3 la importancia de permanecer unidos como sociedad y de trabajar juntos para salir adelante, haciendo un llamado a luchar por las familias y por el bienestar de Huamantla.<\/p>\n<p style=\"text-align: justify;\">Con la participaci\u00f3n de estudiantes, padres de familia, servidores p\u00fablicos y representantes de las comunidades, la ceremonia concluy\u00f3 en un ambiente de orgullo y respeto por los s\u00edmbolos patrios, refrendando la importancia de mantener vivas las tradiciones c\u00edvicas y el amor por M\u00e9xico.<\/p>\n<p style=\"text-align: justify;\">El Gobierno Municipal que preside Salvador Santos Cedillo continuar\u00e1 impulsando estos espacios que fortalecen la identidad, la unidad y el sentido de pertenencia entre las familias huamantlecas.<\/p>\n<p>&nbsp;<\/p>\n<p><img loading=\"lazy\" decoding=\"async\" class=\"aligncenter wp-image-79046 size-large\" src=\"https:\/\/labestiapolitica.com.mx\/wp-content\/uploads\/2026\/07\/AJ-uni-819x1024.jpeg\" alt=\"\" width=\"640\" height=\"800\" srcset=\"https:\/\/labestiapolitica.com.mx\/wp-content\/uploads\/2026\/07\/AJ-uni-819x1024.jpeg 819w, https:\/\/labestiapolitica.com.mx\/wp-content\/uploads\/2026\/07\/AJ-uni-240x300.jpeg 240w, https:\/\/labestiapolitica.com.mx\/wp-content\/uploads\/2026\/07\/AJ-uni-768x960.jpeg 768w, https:\/\/labestiapolitica.com.mx\/wp-content\/uploads\/2026\/07\/AJ-uni.jpeg 1080w\" sizes=\"auto, (max-width: 640px) 100vw, 640px\" \/><\/p>\n","protected":false},"excerpt":{"rendered":"<p>Con la participaci\u00f3n de estudiantes, familias, autoridades municipales y representantes de la comunidad de Santa Anita, se llevaron a cabo los tradicionales Honores a la Bandera en el centro de Huamantla, como parte de las actividades c\u00edvicas que se realizan durante este mes patrio. En esta ocasi\u00f3n, correspondi\u00f3 participar a la comunidad de Santa Anita, [&hellip;]<\/p>\n","protected":false},"author":5,"featured_media":84753,"comment_status":"open","ping_status":"open","sticky":false,"template":"","format":"standard","meta":{"footnotes":""},"categories":[1],"tags":[],"class_list":["post-84752","post","type-post","status-publish","format-standard","has-post-thumbnail","hentry","category-uncategorized"],"amp_enabled":true,"_links":{"self":[{"href":"https:\/\/labestiapolitica.com.mx\/index.php?rest_route=\/wp\/v2\/posts\/84752","targetHints":{"allow":["GET"]}}],"collection":[{"href":"https:\/\/labestiapolitica.com.mx\/index.php?rest_route=\/wp\/v2\/posts"}],"about":[{"href":"https:\/\/labestiapolitica.com.mx\/index.php?rest_route=\/wp\/v2\/types\/post"}],"author":[{"embeddable":true,"href":"https:\/\/labestiapolitica.com.mx\/index.php?rest_route=\/wp\/v2\/users\/5"}],"replies":[{"embeddable":true,"href":"https:\/\/labestiapolitica.com.mx\/index.php?rest_route=%2Fwp%2Fv2%2Fcomments&post=84752"}],"version-history":[{"count":1,"href":"https:\/\/labestiapolitica.com.mx\/index.php?rest_route=\/wp\/v2\/posts\/84752\/revisions"}],"predecessor-version":[{"id":84754,"href":"https:\/\/labestiapolitica.com.mx\/index.php?rest_route=\/wp\/v2\/posts\/84752\/revisions\/84754"}],"wp:featuredmedia":[{"embeddable":true,"href":"https:\/\/labestiapolitica.com.mx\/index.php?rest_route=\/wp\/v2\/media\/84753"}],"wp:attachment":[{"href":"https:\/\/labestiapolitica.com.mx\/index.php?rest_route=%2Fwp%2Fv2%2Fmedia&parent=84752"}],"wp:term":[{"taxonomy":"category","embeddable":true,"href":"https:\/\/labestiapolitica.com.mx\/index.php?rest_route=%2Fwp%2Fv2%2Fcategories&post=84752"},{"taxonomy":"post_tag","embeddable":true,"href":"https:\/\/labestiapolitica.com.mx\/index.php?rest_route=%2Fwp%2Fv2%2Ftags&post=84752"}],"curies":[{"name":"wp","href":"https:\/\/api.w.org\/{rel}","templated":true}]}}