{"id":84762,"date":"2026-09-04T18:57:38","date_gmt":"2026-09-05T00:57:38","guid":{"rendered":"https:\/\/labestiapolitica.com.mx\/?p=84762"},"modified":"2026-09-04T18:57:38","modified_gmt":"2026-09-05T00:57:38","slug":"ana-lilia-rivera-llega-a-la-definicion-de-morena-con-ventaja-en-las-encuestas","status":"publish","type":"post","link":"https:\/\/labestiapolitica.com.mx\/?p=84762","title":{"rendered":"Ana Lilia Rivera llega a la definici\u00f3n de Morena con ventaja en las encuestas."},"content":{"rendered":"<ul>\n<li style=\"text-align: justify;\">Distintas mediciones recientes la colocan al frente de las preferencias internas; el promedio de tres ejercicios comparables le da una ventaja de 9.2 puntos sobre Alfonso S\u00e1nchez Garc\u00eda.<\/li>\n<\/ul>\n<p style=\"text-align: justify;\">A medida que se aproxima la definici\u00f3n de la Coordinaci\u00f3n en Defensa de la Cuarta Transformaci\u00f3n y la Soberan\u00eda en Tlaxcala, las mediciones demosc\u00f3picas disponibles muestran una constante: Ana Lilia Rivera Rivera llega a esta etapa con una posici\u00f3n favorable y, en varios ejercicios recientes, como la aspirante mejor posicionada dentro de Morena.<\/p>\n<p style=\"text-align: justify;\">No se trata de una sola encuesta. En las \u00faltimas semanas, distintas casas encuestadoras \u2013como Enkoll para El Universal, La Cr\u00f3nica, RUBRUM, LaEncuesta.MX, CRIPESO y Massive Caller- han medido las preferencias rumbo a 2027. Y aunque existen diferencias entre metodolog\u00edas, fechas y formas de preguntar, los resultados identifican una tendencia favorable a Ana Lilia Rivera.<\/p>\n<p style=\"text-align: justify;\">A estos ejercicios se suma IQ Comunicaci\u00f3n, cuya medici\u00f3n difundida en agosto coloc\u00f3 a Ana Lilia Rivera con 31% de preferencia bruta y 52% de preferencia efectiva, frente a 21% y 35%, respectivamente, para el segundo lugar.<\/p>\n<p style=\"text-align: justify;\">Uno de los primeros referentes es la encuesta de Enkoll para EL UNIVERSAL, levantada en junio, que coloc\u00f3 a Ana Lilia Rivera con 29% de preferencia bruta, frente a 23% de Alfonso S\u00e1nchez Garc\u00eda. Adem\u00e1s, el ejercicio le otorg\u00f3 la m\u00e1xima puntuaci\u00f3n en la evaluaci\u00f3n de perfiles utilizada para aproximarse a la metodolog\u00eda de selecci\u00f3n de Morena.<\/p>\n<p style=\"text-align: justify;\">Posteriormente, RUBRUM report\u00f3 el 9 de agosto una nueva medici\u00f3n en la que Rivera obtuvo 45.7% de las preferencias, frente a 38.3% del segundo lugar, una diferencia de 7.4 puntos porcentuales.<\/p>\n<p style=\"text-align: justify;\">La misma casa encuestadora difundi\u00f3 despu\u00e9s otro ejercicio, levantado el 20 de agosto, que coloc\u00f3 a Rivera con 53.9%, frente a 46.1% del segundo, una diferencia de 7.8 puntos. Al tratarse de una medici\u00f3n con caracter\u00edsticas distintas, este resultado confirma el posicionamiento de la senadora.<\/p>\n<p style=\"text-align: justify;\">La medici\u00f3n m\u00e1s reciente revisada corresponde a Massive Caller, levantada el 28 de agosto. En ella, Ana Lilia Rivera obtuvo 35.6% de las preferencias, mientras que Alfonso S\u00e1nchez Garc\u00eda registr\u00f3 21.5%. La diferencia fue de 14.1 puntos porcentuales.<\/p>\n<p style=\"text-align: justify;\">Para Ana Lilia Rivera, los n\u00fameros representan un respaldo relevante en la recta final, pues llega a la definici\u00f3n con presencia constante en las mediciones y con ventaja sobre su principal contendiente en los ejercicios comparables m\u00e1s recientes.<\/p>\n<p style=\"text-align: justify;\">Los resultados cobran relevancia porque Morena se encuentra en la etapa de definici\u00f3n de sus coordinaciones estatales rumbo a las elecciones de 2027. En ese escenario, los estudios demosc\u00f3picos constituyen uno de los elementos que permiten observar el nivel de conocimiento, aceptaci\u00f3n y competitividad de los perfiles.<\/p>\n<p style=\"text-align: justify;\">En el caso de Tlaxcala, las encuestas recientes colocan a Ana Lilia Rivera al frente de la competencia interna por la Coordinaci\u00f3n en Defensa de la Cuarta Transformaci\u00f3n y la Soberan\u00eda en Tlaxcala.<\/p>\n<p style=\"text-align: justify;\">Cabe destacar que el apoyo a la legisladora se ha materializado debido a su intensa actividad en territorio, realizando asambleas informativas en comunidades y municipios en defensa de la Cuarta Transformaci\u00f3n y la soberan\u00eda nacional.<\/p>\n<p style=\"text-align: justify;\">Todo ese trabajo ha dado lugar a que diversos sectores como el campesino, el comerciante, el empresarial, la juventud y adultos mayores, entre otros, hayan mostrado su respaldo a Ana Lilia Rivera para encabezar la Coordinaci\u00f3n en Morena.<\/p>\n<p style=\"text-align: justify;\">Resultado de sus reuniones es que representantes de los pueblos originarios del municipio de Totolac le entregaran el bast\u00f3n de mando a la Senadora, acto simb\u00f3lico que representa la confianza en su proyecto para el pueblo de Tlaxcala.<\/p>\n<p>&nbsp;<\/p>\n<p><img loading=\"lazy\" decoding=\"async\" class=\"aligncenter wp-image-79046 size-large\" src=\"https:\/\/labestiapolitica.com.mx\/wp-content\/uploads\/2026\/07\/AJ-uni-819x1024.jpeg\" alt=\"\" width=\"640\" height=\"800\" srcset=\"https:\/\/labestiapolitica.com.mx\/wp-content\/uploads\/2026\/07\/AJ-uni-819x1024.jpeg 819w, https:\/\/labestiapolitica.com.mx\/wp-content\/uploads\/2026\/07\/AJ-uni-240x300.jpeg 240w, https:\/\/labestiapolitica.com.mx\/wp-content\/uploads\/2026\/07\/AJ-uni-768x960.jpeg 768w, https:\/\/labestiapolitica.com.mx\/wp-content\/uploads\/2026\/07\/AJ-uni.jpeg 1080w\" sizes=\"auto, (max-width: 640px) 100vw, 640px\" \/><\/p>\n","protected":false},"excerpt":{"rendered":"<p>Distintas mediciones recientes la colocan al frente de las preferencias internas; el promedio de tres ejercicios comparables le da una ventaja de 9.2 puntos sobre Alfonso S\u00e1nchez Garc\u00eda. A medida que se aproxima la definici\u00f3n de la Coordinaci\u00f3n en Defensa de la Cuarta Transformaci\u00f3n y la Soberan\u00eda en Tlaxcala, las mediciones demosc\u00f3picas disponibles muestran una [&hellip;]<\/p>\n","protected":false},"author":3,"featured_media":84763,"comment_status":"open","ping_status":"open","sticky":false,"template":"","format":"standard","meta":{"footnotes":""},"categories":[7],"tags":[],"class_list":["post-84762","post","type-post","status-publish","format-standard","has-post-thumbnail","hentry","category-ciudadanos"],"amp_enabled":true,"_links":{"self":[{"href":"https:\/\/labestiapolitica.com.mx\/index.php?rest_route=\/wp\/v2\/posts\/84762","targetHints":{"allow":["GET"]}}],"collection":[{"href":"https:\/\/labestiapolitica.com.mx\/index.php?rest_route=\/wp\/v2\/posts"}],"about":[{"href":"https:\/\/labestiapolitica.com.mx\/index.php?rest_route=\/wp\/v2\/types\/post"}],"author":[{"embeddable":true,"href":"https:\/\/labestiapolitica.com.mx\/index.php?rest_route=\/wp\/v2\/users\/3"}],"replies":[{"embeddable":true,"href":"https:\/\/labestiapolitica.com.mx\/index.php?rest_route=%2Fwp%2Fv2%2Fcomments&post=84762"}],"version-history":[{"count":1,"href":"https:\/\/labestiapolitica.com.mx\/index.php?rest_route=\/wp\/v2\/posts\/84762\/revisions"}],"predecessor-version":[{"id":84764,"href":"https:\/\/labestiapolitica.com.mx\/index.php?rest_route=\/wp\/v2\/posts\/84762\/revisions\/84764"}],"wp:featuredmedia":[{"embeddable":true,"href":"https:\/\/labestiapolitica.com.mx\/index.php?rest_route=\/wp\/v2\/media\/84763"}],"wp:attachment":[{"href":"https:\/\/labestiapolitica.com.mx\/index.php?rest_route=%2Fwp%2Fv2%2Fmedia&parent=84762"}],"wp:term":[{"taxonomy":"category","embeddable":true,"href":"https:\/\/labestiapolitica.com.mx\/index.php?rest_route=%2Fwp%2Fv2%2Fcategories&post=84762"},{"taxonomy":"post_tag","embeddable":true,"href":"https:\/\/labestiapolitica.com.mx\/index.php?rest_route=%2Fwp%2Fv2%2Ftags&post=84762"}],"curies":[{"name":"wp","href":"https:\/\/api.w.org\/{rel}","templated":true}]}}