{"id":84768,"date":"2026-09-04T19:07:14","date_gmt":"2026-09-05T01:07:14","guid":{"rendered":"https:\/\/labestiapolitica.com.mx\/?p=84768"},"modified":"2026-09-04T19:07:14","modified_gmt":"2026-09-05T01:07:14","slug":"aline-lazo-entrega-calentadores-solares-para-mejorar-viviendas-en-ixtenco","status":"publish","type":"post","link":"https:\/\/labestiapolitica.com.mx\/?p=84768","title":{"rendered":"Aline Lazo entrega calentadores solares para mejorar viviendas en Ixtenco."},"content":{"rendered":"<p style=\"text-align: justify;\">El Gobierno Municipal de Ixtenco, encabezado por la presidenta municipal Miriam Aline Lazo Caballero, llev\u00f3 a cabo la entrega del programa \u00abEquipamiento de Vivienda con Calentador Solar\u00bb, una acci\u00f3n encaminada a mejorar las condiciones de los hogares y generar ahorros en la econom\u00eda de las familias beneficiarias.<\/p>\n<p style=\"text-align: justify;\">A trav\u00e9s del Fondo para la Infraestructura Social Municipal (FISM 2026), se destin\u00f3 una inversi\u00f3n de 294 mil 813.60 pesos para beneficiar a 16 familias de Ixtenco con calentadores solares, apoyos que adem\u00e1s contemplan su instalaci\u00f3n, con el prop\u00f3sito de que puedan ser utilizados adecuadamente desde el primer momento.<\/p>\n<p style=\"text-align: justify;\">Durante la entrega, la alcaldesa Aline Lazo destac\u00f3 que los recursos p\u00fablicos deben convertirse en acciones que atiendan necesidades reales de la poblaci\u00f3n y representen beneficios directos para las familias.<\/p>\n<p style=\"text-align: justify;\">Se\u00f1al\u00f3 que contar con un calentador solar permite aprovechar la energ\u00eda del sol y, al mismo tiempo, disminuir el gasto destinado al calentamiento de agua, generando un ahorro que las familias pueden utilizar para alimentaci\u00f3n, educaci\u00f3n u otras necesidades prioritarias.<\/p>\n<p style=\"text-align: justify;\">La presidenta municipal reiter\u00f3 que su administraci\u00f3n continuar\u00e1 impulsando programas dirigidos principalmente a quienes m\u00e1s lo necesitan, bajo una pol\u00edtica de cercan\u00eda y atenci\u00f3n directa a las necesidades de la ciudadan\u00eda.<\/p>\n<p style=\"text-align: justify;\">\u00abSeguiremos trabajando para que cada peso que se invierta desde el Ayuntamiento tenga un prop\u00f3sito: servir a nuestra gente y mejorar la vida de quienes aqu\u00ed vivimos\u00bb, enfatiz\u00f3.<\/p>\n<p style=\"text-align: justify;\">Con estas acciones, el Gobierno Municipal refrenda su compromiso de administrar los recursos con responsabilidad y traducirlos en mejores condiciones de vivienda, ahorro y bienestar para las familias ixtenquenses.<\/p>\n<p>&nbsp;<\/p>\n<p><img loading=\"lazy\" decoding=\"async\" class=\"aligncenter wp-image-79046 size-large\" src=\"https:\/\/labestiapolitica.com.mx\/wp-content\/uploads\/2026\/07\/AJ-uni-819x1024.jpeg\" alt=\"\" width=\"640\" height=\"800\" srcset=\"https:\/\/labestiapolitica.com.mx\/wp-content\/uploads\/2026\/07\/AJ-uni-819x1024.jpeg 819w, https:\/\/labestiapolitica.com.mx\/wp-content\/uploads\/2026\/07\/AJ-uni-240x300.jpeg 240w, https:\/\/labestiapolitica.com.mx\/wp-content\/uploads\/2026\/07\/AJ-uni-768x960.jpeg 768w, https:\/\/labestiapolitica.com.mx\/wp-content\/uploads\/2026\/07\/AJ-uni.jpeg 1080w\" sizes=\"auto, (max-width: 640px) 100vw, 640px\" \/><\/p>\n","protected":false},"excerpt":{"rendered":"<p>El Gobierno Municipal de Ixtenco, encabezado por la presidenta municipal Miriam Aline Lazo Caballero, llev\u00f3 a cabo la entrega del programa \u00abEquipamiento de Vivienda con Calentador Solar\u00bb, una acci\u00f3n encaminada a mejorar las condiciones de los hogares y generar ahorros en la econom\u00eda de las familias beneficiarias. A trav\u00e9s del Fondo para la Infraestructura Social [&hellip;]<\/p>\n","protected":false},"author":3,"featured_media":84769,"comment_status":"open","ping_status":"open","sticky":false,"template":"","format":"standard","meta":{"footnotes":""},"categories":[257,216],"tags":[],"class_list":["post-84768","post","type-post","status-publish","format-standard","has-post-thumbnail","hentry","category-ixtenco","category-municipios"],"amp_enabled":true,"_links":{"self":[{"href":"https:\/\/labestiapolitica.com.mx\/index.php?rest_route=\/wp\/v2\/posts\/84768","targetHints":{"allow":["GET"]}}],"collection":[{"href":"https:\/\/labestiapolitica.com.mx\/index.php?rest_route=\/wp\/v2\/posts"}],"about":[{"href":"https:\/\/labestiapolitica.com.mx\/index.php?rest_route=\/wp\/v2\/types\/post"}],"author":[{"embeddable":true,"href":"https:\/\/labestiapolitica.com.mx\/index.php?rest_route=\/wp\/v2\/users\/3"}],"replies":[{"embeddable":true,"href":"https:\/\/labestiapolitica.com.mx\/index.php?rest_route=%2Fwp%2Fv2%2Fcomments&post=84768"}],"version-history":[{"count":1,"href":"https:\/\/labestiapolitica.com.mx\/index.php?rest_route=\/wp\/v2\/posts\/84768\/revisions"}],"predecessor-version":[{"id":84770,"href":"https:\/\/labestiapolitica.com.mx\/index.php?rest_route=\/wp\/v2\/posts\/84768\/revisions\/84770"}],"wp:featuredmedia":[{"embeddable":true,"href":"https:\/\/labestiapolitica.com.mx\/index.php?rest_route=\/wp\/v2\/media\/84769"}],"wp:attachment":[{"href":"https:\/\/labestiapolitica.com.mx\/index.php?rest_route=%2Fwp%2Fv2%2Fmedia&parent=84768"}],"wp:term":[{"taxonomy":"category","embeddable":true,"href":"https:\/\/labestiapolitica.com.mx\/index.php?rest_route=%2Fwp%2Fv2%2Fcategories&post=84768"},{"taxonomy":"post_tag","embeddable":true,"href":"https:\/\/labestiapolitica.com.mx\/index.php?rest_route=%2Fwp%2Fv2%2Ftags&post=84768"}],"curies":[{"name":"wp","href":"https:\/\/api.w.org\/{rel}","templated":true}]}}