{"id":84771,"date":"2026-09-04T19:09:53","date_gmt":"2026-09-05T01:09:53","guid":{"rendered":"https:\/\/labestiapolitica.com.mx\/?p=84771"},"modified":"2026-09-04T19:09:53","modified_gmt":"2026-09-05T01:09:53","slug":"realiza-sandy-aguilar-la-septima-edicion-de-la-expo-feria-artesanal","status":"publish","type":"post","link":"https:\/\/labestiapolitica.com.mx\/?p=84771","title":{"rendered":"Realiza Sandy Aguilar la s\u00e9ptima edici\u00f3n de la Expo Feria Artesanal."},"content":{"rendered":"<ul>\n<li style=\"text-align: justify;\">Con siete ediciones realizadas de manera consecutiva, la legisladora refrenda su compromiso con artesanas, artesanos y emprendedoras tlaxcaltecas<\/li>\n<\/ul>\n<p style=\"text-align: justify;\">Consolidada como un espacio permanente para promover el talento y la creatividad tlaxcalteca, se llev\u00f3 a cabo la s\u00e9ptima edici\u00f3n de la Expo Feria Artesanal y del Emprendimiento, iniciativa impulsada por la diputada local del PRI, Sandra Aguilar Vega, en el Congreso del Estado.<\/p>\n<p style=\"text-align: justify;\">A trav\u00e9s de sus redes sociales, la legisladora destac\u00f3 que, desde hace m\u00e1s de un a\u00f1o, ha trabajado de manera cercana con artesanas, artesanos y emprendedoras para mantener vigente este espacio de promoci\u00f3n y comercializaci\u00f3n, que en esta ocasi\u00f3n se realiz\u00f3 en el marco de las Fiestas Patrias.<\/p>\n<p style=\"text-align: justify;\">\u201cMe siento orgullosa de ser la \u00fanica diputada que ha realizado de manera continua una Expo Feria Artesanal, edici\u00f3n tras edici\u00f3n. Este proyecto demuestra con hechos mi compromiso con nuestras artesanas, artesanos y emprendedoras, as\u00ed como con el impulso al consumo local\u201d, se\u00f1al\u00f3.<\/p>\n<p style=\"text-align: justify;\">La Expo Feria se realiz\u00f3 los d\u00edas 2 y 3 de septiembre, con la participaci\u00f3n de 30 expositoras y expositores, quienes ofrecieron una variedad de productos, entre ellos ropa y joyer\u00eda artesanal, dulces t\u00edpicos, bebidas org\u00e1nicas, accesorios y productos de belleza.<\/p>\n<p style=\"text-align: justify;\">Este proyecto ha recorrido diferentes espacios, principalmente en el municipio de Apizaco, y en esta s\u00e9ptima edici\u00f3n regres\u00f3 al Congreso del Estado, sede donde naci\u00f3 esta iniciativa.<br \/>\nDe esta manera, Sandy Aguilar contin\u00faa fortaleciendo un espacio que busca abrir oportunidades para quienes emprenden, preservar los oficios y tradiciones de Tlaxcala y fomentar que las familias tlaxcaltecas conozcan, valoren y consuman productos hechos por manos de nuestra entidad.<\/p>\n<p>&nbsp;<\/p>\n<p><img loading=\"lazy\" decoding=\"async\" class=\"aligncenter wp-image-79046 size-large\" src=\"https:\/\/labestiapolitica.com.mx\/wp-content\/uploads\/2026\/07\/AJ-uni-819x1024.jpeg\" alt=\"\" width=\"640\" height=\"800\" srcset=\"https:\/\/labestiapolitica.com.mx\/wp-content\/uploads\/2026\/07\/AJ-uni-819x1024.jpeg 819w, https:\/\/labestiapolitica.com.mx\/wp-content\/uploads\/2026\/07\/AJ-uni-240x300.jpeg 240w, https:\/\/labestiapolitica.com.mx\/wp-content\/uploads\/2026\/07\/AJ-uni-768x960.jpeg 768w, https:\/\/labestiapolitica.com.mx\/wp-content\/uploads\/2026\/07\/AJ-uni.jpeg 1080w\" sizes=\"auto, (max-width: 640px) 100vw, 640px\" \/><\/p>\n","protected":false},"excerpt":{"rendered":"<p>Con siete ediciones realizadas de manera consecutiva, la legisladora refrenda su compromiso con artesanas, artesanos y emprendedoras tlaxcaltecas Consolidada como un espacio permanente para promover el talento y la creatividad tlaxcalteca, se llev\u00f3 a cabo la s\u00e9ptima edici\u00f3n de la Expo Feria Artesanal y del Emprendimiento, iniciativa impulsada por la diputada local del PRI, Sandra [&hellip;]<\/p>\n","protected":false},"author":3,"featured_media":84772,"comment_status":"open","ping_status":"open","sticky":false,"template":"","format":"standard","meta":{"footnotes":""},"categories":[7],"tags":[],"class_list":["post-84771","post","type-post","status-publish","format-standard","has-post-thumbnail","hentry","category-ciudadanos"],"amp_enabled":true,"_links":{"self":[{"href":"https:\/\/labestiapolitica.com.mx\/index.php?rest_route=\/wp\/v2\/posts\/84771","targetHints":{"allow":["GET"]}}],"collection":[{"href":"https:\/\/labestiapolitica.com.mx\/index.php?rest_route=\/wp\/v2\/posts"}],"about":[{"href":"https:\/\/labestiapolitica.com.mx\/index.php?rest_route=\/wp\/v2\/types\/post"}],"author":[{"embeddable":true,"href":"https:\/\/labestiapolitica.com.mx\/index.php?rest_route=\/wp\/v2\/users\/3"}],"replies":[{"embeddable":true,"href":"https:\/\/labestiapolitica.com.mx\/index.php?rest_route=%2Fwp%2Fv2%2Fcomments&post=84771"}],"version-history":[{"count":1,"href":"https:\/\/labestiapolitica.com.mx\/index.php?rest_route=\/wp\/v2\/posts\/84771\/revisions"}],"predecessor-version":[{"id":84773,"href":"https:\/\/labestiapolitica.com.mx\/index.php?rest_route=\/wp\/v2\/posts\/84771\/revisions\/84773"}],"wp:featuredmedia":[{"embeddable":true,"href":"https:\/\/labestiapolitica.com.mx\/index.php?rest_route=\/wp\/v2\/media\/84772"}],"wp:attachment":[{"href":"https:\/\/labestiapolitica.com.mx\/index.php?rest_route=%2Fwp%2Fv2%2Fmedia&parent=84771"}],"wp:term":[{"taxonomy":"category","embeddable":true,"href":"https:\/\/labestiapolitica.com.mx\/index.php?rest_route=%2Fwp%2Fv2%2Fcategories&post=84771"},{"taxonomy":"post_tag","embeddable":true,"href":"https:\/\/labestiapolitica.com.mx\/index.php?rest_route=%2Fwp%2Fv2%2Ftags&post=84771"}],"curies":[{"name":"wp","href":"https:\/\/api.w.org\/{rel}","templated":true}]}}