{"id":84774,"date":"2026-09-04T19:12:03","date_gmt":"2026-09-05T01:12:03","guid":{"rendered":"https:\/\/labestiapolitica.com.mx\/?p=84774"},"modified":"2026-09-04T19:12:14","modified_gmt":"2026-09-05T01:12:14","slug":"inaugura-alcalde-carlos-lopez-exposicion-mexico-en-una-imagen-nins-en-el-museo-de-arte-organizada-por-nikon","status":"publish","type":"post","link":"https:\/\/labestiapolitica.com.mx\/?p=84774","title":{"rendered":"Inaugura alcalde Carlos L\u00f3pez exposici\u00f3n \u201cM\u00e9xico en una imagen: Ni\u00f1@s\u201d en el Museo de Arte organizada por Nikon."},"content":{"rendered":"<ul>\n<li style=\"text-align: justify;\">En esta exposici\u00f3n destac\u00f3 la participaci\u00f3n de la ni\u00f1a Daira, originaria de la capital, quien obtuvo el segundo lugar en el concurso nacional de fotograf\u00eda_<\/li>\n<\/ul>\n<p style=\"text-align: justify;\">El presidente municipal de Tlaxcala, Carlos L\u00f3pez Su\u00e1rez, encabez\u00f3 la inauguraci\u00f3n de la exposici\u00f3n nacional \u201cM\u00e9xico en una Imagen: Ni\u00f1@s\u201d, que re\u00fane el talento fotogr\u00e1fico de ni\u00f1as y ni\u00f1os de distintas regiones del pa\u00eds y en la que Daira, una estudiante originaria de la capital tlaxcalteca, obtuvo el segundo lugar del concurso, lo que coloca a la entidad como protagonista de esta iniciativa cultural.<\/p>\n<p style=\"text-align: justify;\">El acto se llev\u00f3 a cabo en el Museo de Arte de Tlaxcala, donde el alcalde destac\u00f3 en su mensaje que la fotograf\u00eda permite preservar historias, tradiciones y momentos cotidianos, pero adquiere un significado especial cuando son ni\u00f1as y ni\u00f1os quienes observan y retratan su entorno.<\/p>\n<p style=\"text-align: justify;\">\u201cUna fotograf\u00eda puede guardar muchas cosas al mismo tiempo: una calle, una familia, una costumbre, un paisaje, un artista, una historia. Y cuando esa imagen nace de la mirada de una ni\u00f1a o de un ni\u00f1o, tambi\u00e9n nos permite descubrir los detalles que los adultos muchas veces dejamos pasar\u201d, expres\u00f3 el edil capitalino.<\/p>\n<p style=\"text-align: justify;\">Luego, L\u00f3pez Su\u00e1rez felicit\u00f3 a las y los participantes, en especial a Daira y a su familia, despu\u00e9s de que la ni\u00f1a obtuviera el segundo lugar en el concurso de fotograf\u00eda y cuya obra se exhibe en esta muestra. Despu\u00e9s, destac\u00f3 el compromiso del Ayuntamiento con actividades que acercan la cultura y las expresiones art\u00edsticas a la poblaci\u00f3n.<\/p>\n<p style=\"text-align: justify;\">En su oportunidad, el director general de Nikon M\u00e9xico, Jos\u00e9 Luis Santana Montes, explic\u00f3 que esta tercera edici\u00f3n surgi\u00f3 en colaboraci\u00f3n con \u201cHecho en M\u00e9xico\u201d a trav\u00e9s de una convocatoria abierta dirigida a ni\u00f1as y ni\u00f1os de entre 6 y 15 a\u00f1os de todo el pa\u00eds, sin importar si las fotograf\u00edas fueron tomadas con celular o con c\u00e1maras de cualquier marca.<\/p>\n<p style=\"text-align: justify;\">Detall\u00f3 que participaron cerca de 250 menores de toda la Rep\u00fablica, cuyas im\u00e1genes fueron evaluadas de manera an\u00f3nima por un jurado, con base en criterios de apreciaci\u00f3n fotogr\u00e1fica. Destac\u00f3 adem\u00e1s que la exposici\u00f3n forma parte de un proyecto que Nikon y sus colaboradores han impulsado durante varios a\u00f1os para acercar a las nuevas generaciones a la fotograf\u00eda como una herramienta de expresi\u00f3n cultural.<\/p>\n<p style=\"text-align: justify;\">La muestra permanecer\u00e1 abierta al p\u00fablico con entrada libre del 4 de septiembre al 4 de octubre, de martes a domingo, de 10:00 a 17:00 horas, en el Museo de la Memoria, ubicado en avenida Independencia n\u00famero 3, colonia Centro, Tlaxcala.<\/p>\n<p>&nbsp;<\/p>\n<p><img loading=\"lazy\" decoding=\"async\" class=\"aligncenter wp-image-79046 size-large\" src=\"https:\/\/labestiapolitica.com.mx\/wp-content\/uploads\/2026\/07\/AJ-uni-819x1024.jpeg\" alt=\"\" width=\"640\" height=\"800\" srcset=\"https:\/\/labestiapolitica.com.mx\/wp-content\/uploads\/2026\/07\/AJ-uni-819x1024.jpeg 819w, https:\/\/labestiapolitica.com.mx\/wp-content\/uploads\/2026\/07\/AJ-uni-240x300.jpeg 240w, https:\/\/labestiapolitica.com.mx\/wp-content\/uploads\/2026\/07\/AJ-uni-768x960.jpeg 768w, https:\/\/labestiapolitica.com.mx\/wp-content\/uploads\/2026\/07\/AJ-uni.jpeg 1080w\" sizes=\"auto, (max-width: 640px) 100vw, 640px\" \/><\/p>\n","protected":false},"excerpt":{"rendered":"<p>En esta exposici\u00f3n destac\u00f3 la participaci\u00f3n de la ni\u00f1a Daira, originaria de la capital, quien obtuvo el segundo lugar en el concurso nacional de fotograf\u00eda_ El presidente municipal de Tlaxcala, Carlos L\u00f3pez Su\u00e1rez, encabez\u00f3 la inauguraci\u00f3n de la exposici\u00f3n nacional \u201cM\u00e9xico en una Imagen: Ni\u00f1@s\u201d, que re\u00fane el talento fotogr\u00e1fico de ni\u00f1as y ni\u00f1os de [&hellip;]<\/p>\n","protected":false},"author":3,"featured_media":84775,"comment_status":"open","ping_status":"open","sticky":false,"template":"","format":"standard","meta":{"footnotes":""},"categories":[216,214],"tags":[],"class_list":["post-84774","post","type-post","status-publish","format-standard","has-post-thumbnail","hentry","category-municipios","category-tlaxcala-capital"],"amp_enabled":true,"_links":{"self":[{"href":"https:\/\/labestiapolitica.com.mx\/index.php?rest_route=\/wp\/v2\/posts\/84774","targetHints":{"allow":["GET"]}}],"collection":[{"href":"https:\/\/labestiapolitica.com.mx\/index.php?rest_route=\/wp\/v2\/posts"}],"about":[{"href":"https:\/\/labestiapolitica.com.mx\/index.php?rest_route=\/wp\/v2\/types\/post"}],"author":[{"embeddable":true,"href":"https:\/\/labestiapolitica.com.mx\/index.php?rest_route=\/wp\/v2\/users\/3"}],"replies":[{"embeddable":true,"href":"https:\/\/labestiapolitica.com.mx\/index.php?rest_route=%2Fwp%2Fv2%2Fcomments&post=84774"}],"version-history":[{"count":1,"href":"https:\/\/labestiapolitica.com.mx\/index.php?rest_route=\/wp\/v2\/posts\/84774\/revisions"}],"predecessor-version":[{"id":84776,"href":"https:\/\/labestiapolitica.com.mx\/index.php?rest_route=\/wp\/v2\/posts\/84774\/revisions\/84776"}],"wp:featuredmedia":[{"embeddable":true,"href":"https:\/\/labestiapolitica.com.mx\/index.php?rest_route=\/wp\/v2\/media\/84775"}],"wp:attachment":[{"href":"https:\/\/labestiapolitica.com.mx\/index.php?rest_route=%2Fwp%2Fv2%2Fmedia&parent=84774"}],"wp:term":[{"taxonomy":"category","embeddable":true,"href":"https:\/\/labestiapolitica.com.mx\/index.php?rest_route=%2Fwp%2Fv2%2Fcategories&post=84774"},{"taxonomy":"post_tag","embeddable":true,"href":"https:\/\/labestiapolitica.com.mx\/index.php?rest_route=%2Fwp%2Fv2%2Ftags&post=84774"}],"curies":[{"name":"wp","href":"https:\/\/api.w.org\/{rel}","templated":true}]}}