{"id":84780,"date":"2026-09-04T19:17:23","date_gmt":"2026-09-05T01:17:23","guid":{"rendered":"https:\/\/labestiapolitica.com.mx\/?p=84780"},"modified":"2026-09-04T19:17:23","modified_gmt":"2026-09-05T01:17:23","slug":"la-magdalena-tlaltelulco-fortalece-la-prevencion-y-la-construccion-de-paz-con-jornada-interinstitucional","status":"publish","type":"post","link":"https:\/\/labestiapolitica.com.mx\/?p=84780","title":{"rendered":"La Magdalena Tlaltelulco fortalece la prevenci\u00f3n y la construcci\u00f3n de paz con jornada interinstitucional."},"content":{"rendered":"<p style=\"text-align: justify;\">Con el objetivo de fortalecer las acciones de prevenci\u00f3n, seguridad y construcci\u00f3n de entornos seguros, el Gobierno Municipal de La Magdalena Tlaltelulco llev\u00f3 a cabo una *Jornada por la Paz* , en coordinaci\u00f3n con los tres \u00f3rdenes de gobierno y diversas instituciones estatales y federales.<\/p>\n<p style=\"text-align: justify;\">La actividad se desarroll\u00f3 en el Multideportivo de Tecpa Morales, donde se registr\u00f3 una amplia participaci\u00f3n de familias tlaltelulquenses, quienes tuvieron la oportunidad de acceder a distintos servicios, programas, actividades recreativas, culturales, educativas y de prevenci\u00f3n.<\/p>\n<p style=\"text-align: justify;\">La jornada cont\u00f3 con la presencia de la Presidenta Municipal, Roc\u00edo Mel\u00e9ndez Pluma; la Dra. Ilse Viridiana Hern\u00e1ndez Mej\u00eda, Secretar\u00eda T\u00e9cnica para la Construcci\u00f3n de Paz y Seguridad Regi\u00f3n Tlaxcala; as\u00ed como del Dr. Rub\u00e9n Alejandro Di Grazia Rao, Director del Centro Estatal de Prevenci\u00f3n Social del Secretariado Ejecutivo del Sistema Estatal de Seguridad P\u00fablica.<\/p>\n<p style=\"text-align: justify;\">Entre las instituciones participantes estuvieron el Servicio Nacional del Empleo, \u00c1ngeles Verdes, Secretar\u00eda de Desarrollo Econ\u00f3mico, Unidad de G\u00e9nero de la Fiscal\u00eda General del Estado, Vicefiscal\u00eda Regi\u00f3n Sur\/Norte, Centro de Justicia para las Mujeres, Centro de Integraci\u00f3n Juvenil, Secretar\u00eda del Bienestar, Sistema Estatal DIF, CECAPDIF, PROPAET, Fiscal\u00eda General del Estado de Tlaxcala, Secretar\u00eda de las Mujeres del Estado de Tlaxcala, Secretar\u00eda de Seguridad Ciudadana, Guardia Nacional, Escuela de Belleza, Secretar\u00eda de Cultura, Secretariado Ejecutivo del Sistema Estatal de Seguridad P\u00fablica y el stand de Rob\u00f3tica del CECyTE.<\/p>\n<p style=\"text-align: justify;\">Como parte de las actividades, las y los asistentes pudieron disfrutar tambi\u00e9n del Turib\u00fas, adem\u00e1s de diversas din\u00e1micas dirigidas a ni\u00f1as, ni\u00f1os, j\u00f3venes y familias, generando un espacio de convivencia y participaci\u00f3n comunitaria.<\/p>\n<p style=\"text-align: justify;\">De manera especial, el Gobierno Municipal destac\u00f3 la donaci\u00f3n de juegos infantiles realizada por el Dr. Rub\u00e9n Alejandro Di Grazia Rao, los cuales ser\u00e1n colocados pr\u00f3ximamente en el Barrio de Pox\u00adtla Segunda Secci\u00f3n, con el prop\u00f3sito de brindar a las ni\u00f1as y ni\u00f1os de esta zona un espacio adecuado para la recreaci\u00f3n y convivencia.<\/p>\n<p style=\"text-align: justify;\">Asimismo, el Gobierno Municipal reconoci\u00f3 y agradeci\u00f3 la participaci\u00f3n de las Direcciones del Gobierno Municipal de La Magdalena Tlaltelulco que colaboraron en la organizaci\u00f3n y desarrollo de esta jornada, sumando esfuerzos para acercar las actividades y servicios a la poblaci\u00f3n.<\/p>\n<p style=\"text-align: justify;\">La administraci\u00f3n municipal se\u00f1al\u00f3 que este tipo de acciones permiten fortalecer la coordinaci\u00f3n institucional y la participaci\u00f3n ciudadana, elementos fundamentales para avanzar en la prevenci\u00f3n y construcci\u00f3n de paz.<\/p>\n<p style=\"text-align: justify;\">El Gobierno Municipal de La Magdalena Tlaltelulco, encabezado por la Presidenta Roc\u00edo Mel\u00e9ndez Pluma, refrenda su compromiso de continuar trabajando de manera coordinada con las instituciones y la ciudadan\u00eda para generar mejores condiciones de bienestar, prevenci\u00f3n y seguridad para las familias del municipio.<\/p>\n<p>&nbsp;<\/p>\n<p><img loading=\"lazy\" decoding=\"async\" class=\"aligncenter wp-image-79046 size-large\" src=\"https:\/\/labestiapolitica.com.mx\/wp-content\/uploads\/2026\/07\/AJ-uni-819x1024.jpeg\" alt=\"\" width=\"640\" height=\"800\" srcset=\"https:\/\/labestiapolitica.com.mx\/wp-content\/uploads\/2026\/07\/AJ-uni-819x1024.jpeg 819w, https:\/\/labestiapolitica.com.mx\/wp-content\/uploads\/2026\/07\/AJ-uni-240x300.jpeg 240w, https:\/\/labestiapolitica.com.mx\/wp-content\/uploads\/2026\/07\/AJ-uni-768x960.jpeg 768w, https:\/\/labestiapolitica.com.mx\/wp-content\/uploads\/2026\/07\/AJ-uni.jpeg 1080w\" sizes=\"auto, (max-width: 640px) 100vw, 640px\" \/><\/p>\n","protected":false},"excerpt":{"rendered":"<p>Con el objetivo de fortalecer las acciones de prevenci\u00f3n, seguridad y construcci\u00f3n de entornos seguros, el Gobierno Municipal de La Magdalena Tlaltelulco llev\u00f3 a cabo una *Jornada por la Paz* , en coordinaci\u00f3n con los tres \u00f3rdenes de gobierno y diversas instituciones estatales y federales. La actividad se desarroll\u00f3 en el Multideportivo de Tecpa Morales, [&hellip;]<\/p>\n","protected":false},"author":3,"featured_media":84781,"comment_status":"open","ping_status":"open","sticky":false,"template":"","format":"standard","meta":{"footnotes":""},"categories":[218,216],"tags":[],"class_list":["post-84780","post","type-post","status-publish","format-standard","has-post-thumbnail","hentry","category-la-magdalena-tlaltelulco","category-municipios"],"amp_enabled":true,"_links":{"self":[{"href":"https:\/\/labestiapolitica.com.mx\/index.php?rest_route=\/wp\/v2\/posts\/84780","targetHints":{"allow":["GET"]}}],"collection":[{"href":"https:\/\/labestiapolitica.com.mx\/index.php?rest_route=\/wp\/v2\/posts"}],"about":[{"href":"https:\/\/labestiapolitica.com.mx\/index.php?rest_route=\/wp\/v2\/types\/post"}],"author":[{"embeddable":true,"href":"https:\/\/labestiapolitica.com.mx\/index.php?rest_route=\/wp\/v2\/users\/3"}],"replies":[{"embeddable":true,"href":"https:\/\/labestiapolitica.com.mx\/index.php?rest_route=%2Fwp%2Fv2%2Fcomments&post=84780"}],"version-history":[{"count":1,"href":"https:\/\/labestiapolitica.com.mx\/index.php?rest_route=\/wp\/v2\/posts\/84780\/revisions"}],"predecessor-version":[{"id":84782,"href":"https:\/\/labestiapolitica.com.mx\/index.php?rest_route=\/wp\/v2\/posts\/84780\/revisions\/84782"}],"wp:featuredmedia":[{"embeddable":true,"href":"https:\/\/labestiapolitica.com.mx\/index.php?rest_route=\/wp\/v2\/media\/84781"}],"wp:attachment":[{"href":"https:\/\/labestiapolitica.com.mx\/index.php?rest_route=%2Fwp%2Fv2%2Fmedia&parent=84780"}],"wp:term":[{"taxonomy":"category","embeddable":true,"href":"https:\/\/labestiapolitica.com.mx\/index.php?rest_route=%2Fwp%2Fv2%2Fcategories&post=84780"},{"taxonomy":"post_tag","embeddable":true,"href":"https:\/\/labestiapolitica.com.mx\/index.php?rest_route=%2Fwp%2Fv2%2Ftags&post=84780"}],"curies":[{"name":"wp","href":"https:\/\/api.w.org\/{rel}","templated":true}]}}