{"id":84786,"date":"2026-09-04T19:41:47","date_gmt":"2026-09-05T01:41:47","guid":{"rendered":"https:\/\/labestiapolitica.com.mx\/?p=84786"},"modified":"2026-09-04T19:41:47","modified_gmt":"2026-09-05T01:41:47","slug":"presenta-madai-perez-su-segundo-informe-de-actividades-legislativas-y-de-gestion","status":"publish","type":"post","link":"https:\/\/labestiapolitica.com.mx\/?p=84786","title":{"rendered":"Presenta Madai P\u00e9rez su Segundo Informe de Actividades Legislativas y de Gesti\u00f3n."},"content":{"rendered":"<p style=\"text-align: justify;\">La diputada Madai P\u00e9rez Carrillo present\u00f3 este d\u00eda su Segundo Informe de Actividades Legislativas y de Gesti\u00f3n, correspondiente a su representaci\u00f3n del Distrito 07, en un acto realizado en el Patio Vitral del Congreso del Estado, al que asistieron familias, representantes de comunidades, docentes, deportistas, productores y diversos sectores de la sociedad.<\/p>\n<p style=\"text-align: justify;\">Durante este encuentro, la legisladora dio cuenta de las acciones desarrolladas a lo largo de dos a\u00f1os de representaci\u00f3n p\u00fablica y destac\u00f3 que este ejercicio constituye una responsabilidad de las y los servidores p\u00fablicos para informar a la ciudadan\u00eda sobre el trabajo realizado y corresponder a la confianza depositada en sus representantes. Asimismo, reconoci\u00f3 que detr\u00e1s de cada iniciativa, reforma, gesti\u00f3n y resultado se encuentran las voces de las personas que, desde sus comunidades, han compartido necesidades y propuestas para construir soluciones.<\/p>\n<p style=\"text-align: justify;\">En su mensaje, la diputada Madai P\u00e9rez Carrillo agradeci\u00f3 a las mujeres y hombres que han acompa\u00f1ado el trabajo realizado desde el territorio. Subray\u00f3 que escuchar a la ciudadan\u00eda permite que el trabajo legislativo responda a las necesidades reales de la poblaci\u00f3n y fortalezca la construcci\u00f3n de derechos y mejores condiciones de vida.<\/p>\n<p style=\"text-align: justify;\">La diputada tambi\u00e9n reconoci\u00f3 el acompa\u00f1amiento y la disposici\u00f3n de las instituciones estatales para atender las gestiones de la ciudadan\u00eda, adem\u00e1s de agradecer a sus compa\u00f1eras y compa\u00f1eros de la LXV Legislatura, al personal del Congreso del Estado, a su familia y al equipo que integra el trabajo del Distrito 07.<\/p>\n<p style=\"text-align: justify;\">Finalmente, P\u00e9rez Carrillo refrend\u00f3 su compromiso de continuar trabajando con honestidad, cercan\u00eda y responsabilidad, al reconocer que a\u00fan existen necesidades pendientes y retos por atender. \u201cHoy termina este informe, pero nuestro compromiso contin\u00faa. Seguiremos escuchando, seguiremos legislando, seguiremos gestionando y seguiremos regresando al territorio para dar resultados\u201d, expres\u00f3 la legisladora, al se\u00f1alar que la transformaci\u00f3n se construye con la participaci\u00f3n conjunta de sociedad y gobierno.<\/p>\n<p>&nbsp;<\/p>\n<p><img loading=\"lazy\" decoding=\"async\" class=\"aligncenter wp-image-79046 size-large\" src=\"https:\/\/labestiapolitica.com.mx\/wp-content\/uploads\/2026\/07\/AJ-uni-819x1024.jpeg\" alt=\"\" width=\"640\" height=\"800\" srcset=\"https:\/\/labestiapolitica.com.mx\/wp-content\/uploads\/2026\/07\/AJ-uni-819x1024.jpeg 819w, https:\/\/labestiapolitica.com.mx\/wp-content\/uploads\/2026\/07\/AJ-uni-240x300.jpeg 240w, https:\/\/labestiapolitica.com.mx\/wp-content\/uploads\/2026\/07\/AJ-uni-768x960.jpeg 768w, https:\/\/labestiapolitica.com.mx\/wp-content\/uploads\/2026\/07\/AJ-uni.jpeg 1080w\" sizes=\"auto, (max-width: 640px) 100vw, 640px\" \/><\/p>\n","protected":false},"excerpt":{"rendered":"<p>La diputada Madai P\u00e9rez Carrillo present\u00f3 este d\u00eda su Segundo Informe de Actividades Legislativas y de Gesti\u00f3n, correspondiente a su representaci\u00f3n del Distrito 07, en un acto realizado en el Patio Vitral del Congreso del Estado, al que asistieron familias, representantes de comunidades, docentes, deportistas, productores y diversos sectores de la sociedad. Durante este encuentro, [&hellip;]<\/p>\n","protected":false},"author":3,"featured_media":84787,"comment_status":"open","ping_status":"open","sticky":false,"template":"","format":"standard","meta":{"footnotes":""},"categories":[224,247],"tags":[],"class_list":["post-84786","post","type-post","status-publish","format-standard","has-post-thumbnail","hentry","category-congreso-del-estado-de-tlaxcala","category-politica"],"amp_enabled":true,"_links":{"self":[{"href":"https:\/\/labestiapolitica.com.mx\/index.php?rest_route=\/wp\/v2\/posts\/84786","targetHints":{"allow":["GET"]}}],"collection":[{"href":"https:\/\/labestiapolitica.com.mx\/index.php?rest_route=\/wp\/v2\/posts"}],"about":[{"href":"https:\/\/labestiapolitica.com.mx\/index.php?rest_route=\/wp\/v2\/types\/post"}],"author":[{"embeddable":true,"href":"https:\/\/labestiapolitica.com.mx\/index.php?rest_route=\/wp\/v2\/users\/3"}],"replies":[{"embeddable":true,"href":"https:\/\/labestiapolitica.com.mx\/index.php?rest_route=%2Fwp%2Fv2%2Fcomments&post=84786"}],"version-history":[{"count":1,"href":"https:\/\/labestiapolitica.com.mx\/index.php?rest_route=\/wp\/v2\/posts\/84786\/revisions"}],"predecessor-version":[{"id":84788,"href":"https:\/\/labestiapolitica.com.mx\/index.php?rest_route=\/wp\/v2\/posts\/84786\/revisions\/84788"}],"wp:featuredmedia":[{"embeddable":true,"href":"https:\/\/labestiapolitica.com.mx\/index.php?rest_route=\/wp\/v2\/media\/84787"}],"wp:attachment":[{"href":"https:\/\/labestiapolitica.com.mx\/index.php?rest_route=%2Fwp%2Fv2%2Fmedia&parent=84786"}],"wp:term":[{"taxonomy":"category","embeddable":true,"href":"https:\/\/labestiapolitica.com.mx\/index.php?rest_route=%2Fwp%2Fv2%2Fcategories&post=84786"},{"taxonomy":"post_tag","embeddable":true,"href":"https:\/\/labestiapolitica.com.mx\/index.php?rest_route=%2Fwp%2Fv2%2Ftags&post=84786"}],"curies":[{"name":"wp","href":"https:\/\/api.w.org\/{rel}","templated":true}]}}