{"id":84789,"date":"2026-09-04T19:43:42","date_gmt":"2026-09-05T01:43:42","guid":{"rendered":"https:\/\/labestiapolitica.com.mx\/?p=84789"},"modified":"2026-09-04T19:43:42","modified_gmt":"2026-09-05T01:43:42","slug":"la-uatx-brinda-capacitacion-a-responsables-de-casas-de-autorrealizacion","status":"publish","type":"post","link":"https:\/\/labestiapolitica.com.mx\/?p=84789","title":{"rendered":"La UATx brinda capacitaci\u00f3n a responsables de Casas de Autorrealizaci\u00f3n."},"content":{"rendered":"<ul>\n<li style=\"font-weight: 400; text-align: justify;\">El conocimiento cient\u00edfico, t\u00e9cnico y human\u00edstico puesto al servicio de las comunidades y los sectores m\u00e1s vulnerables de la entidad<\/li>\n<\/ul>\n<p style=\"font-weight: 400; text-align: justify;\">\n<p style=\"font-weight: 400; text-align: justify;\">Responsables de las 16 Casas de Autorrealizaci\u00f3n de la Universidad Aut\u00f3noma de Tlaxcala (UATx) y del Centro de Atenci\u00f3n, Inclusi\u00f3n y Educaci\u00f3n Especial (CAPIES) participaron en la\u00a0\ud835\udc0f\ud835\udc2b\ud835\udc22\ud835\udc26\ud835\udc1e\ud835\udc2b\ud835\udc1a\u00a0\ud835\udc02\ud835\udc1a\ud835\udc29\ud835\udc1a\ud835\udc1c\ud835\udc22\ud835\udc2d\ud835\udc1a\ud835\udc1c\ud835\udc22\ud835\udc28\u0301\ud835\udc27\u00a0\ud835\udc1d\ud835\udc1e\u00a0\ud835\udc11\ud835\udc1e\ud835\udc2c\ud835\udc29\ud835\udc28\ud835\udc27\ud835\udc2c\ud835\udc1a\ud835\udc1b\ud835\udc25\ud835\udc1e\ud835\udc2c\u00a0\ud835\udc1d\ud835\udc1e\u00a0\ud835\udc02\ud835\udc1a\ud835\udc2c\ud835\udc1a\ud835\udc2c\u00a0\ud835\udc1d\ud835\udc1e\u00a0\ud835\udc00\ud835\udc2e\ud835\udc2d\ud835\udc28\ud835\udc2b\ud835\udc2b\ud835\udc1e\ud835\udc1a\ud835\udc25\ud835\udc22\ud835\udc33\ud835\udc1a\ud835\udc1c\ud835\udc22\ud835\udc28\u0301\ud835\udc27, con el fin de\u00a0fortalecer la coordinaci\u00f3n, comunicaci\u00f3n y seguimiento de las acciones que se desarrollan en las Casas de Autorrealizaci\u00f3n, establecidas en diferentes municipios del estado de Tlaxcala.<\/p>\n<p style=\"font-weight: 400; text-align: justify;\">\n<p style=\"font-weight: 400; text-align: justify;\">En representaci\u00f3n del Rector, Maestro Alejandro Palma Su\u00e1rez, la Doctora Lilibeth Portillo Rumbo, Coordinadora de la Divisi\u00f3n de Ciencias Sociales y Administrativas, refiri\u00f3 que las Casas de Autorrealizaci\u00f3n constituyen uno de los distintivos m\u00e1s significativos que otorgan identidad y fortaleza institucional a la Aut\u00f3noma de Tlaxcala.<\/p>\n<p style=\"font-weight: 400; text-align: justify;\">\n<p style=\"font-weight: 400; text-align: justify;\">Agreg\u00f3 que estos espacios se consolidan como el escenario donde el Modelo Humanista Integrador basado en Capacidades (MHIC) cobra vida de manera sustantiva, permitiendo que la formaci\u00f3n acad\u00e9mica trascienda las aulas para poner\u00a0el conocimiento cient\u00edfico, t\u00e9cnico y human\u00edstico al servicio directo de las comunidades y de los sectores m\u00e1s vulnerables de la entidad.<\/p>\n<p style=\"font-weight: 400; text-align: justify;\">\n<p style=\"font-weight: 400; text-align: justify;\">Al brindar un mensaje de bienvenida, la Doctora Gloria Ram\u00edrez El\u00edas, Secretaria de Autorrealizaci\u00f3n, enfatiz\u00f3 que prop\u00f3sito central de estas jornadas es dotar al personal de herramientas y criterios que fortalezcan la atenci\u00f3n a las problem\u00e1ticas locales, al tiempo que se busca integrar formalmente la praxis profesional, el servicio social y las estancias de los diversos programas educativos en estas sedes.<\/p>\n<p style=\"font-weight: 400; text-align: justify;\">\n<p style=\"font-weight: 400; text-align: justify;\">Mencion\u00f3 que la jornada re\u00fane a equipos multidisciplinarios de las \u00e1reas de Odontolog\u00eda, Medicina, Nutrici\u00f3n, Derecho, Naturopat\u00eda, Psicolog\u00eda, Medicina Veterinaria y Gerontolog\u00eda, para fortalecer la coordinaci\u00f3n, la comunicaci\u00f3n y el seguimiento de las acciones desarrolladas en distintos municipios de la entidad.<\/p>\n<p style=\"font-weight: 400; text-align: justify;\">\n<p style=\"font-weight: 400; text-align: justify;\">Durante su intervenci\u00f3n, la Cirujano Dentista Andrea Munive Hern\u00e1ndez, responsable de la Casa de Autorrealizaci\u00f3n de San Pedro Ecatepec del municipio de\u00a0Atlangatepec, resalt\u00f3 la labor esencial que realizan los pasantes y responsables de las Casas para acercar los servicios universitarios a las distintas comunidades de Tlaxcala. Reafirm\u00f3 su compromiso de seguir fortaleciendo el v\u00ednculo entre la Universidad y la sociedad mediante un trabajo coordinado que permita consolidar estos espacios como lugares de confianza y expandir su presencia hacia m\u00e1s municipios.<\/p>\n<p>&nbsp;<\/p>\n<p><img loading=\"lazy\" decoding=\"async\" class=\"aligncenter wp-image-79046 size-large\" src=\"https:\/\/labestiapolitica.com.mx\/wp-content\/uploads\/2026\/07\/AJ-uni-819x1024.jpeg\" alt=\"\" width=\"640\" height=\"800\" srcset=\"https:\/\/labestiapolitica.com.mx\/wp-content\/uploads\/2026\/07\/AJ-uni-819x1024.jpeg 819w, https:\/\/labestiapolitica.com.mx\/wp-content\/uploads\/2026\/07\/AJ-uni-240x300.jpeg 240w, https:\/\/labestiapolitica.com.mx\/wp-content\/uploads\/2026\/07\/AJ-uni-768x960.jpeg 768w, https:\/\/labestiapolitica.com.mx\/wp-content\/uploads\/2026\/07\/AJ-uni.jpeg 1080w\" sizes=\"auto, (max-width: 640px) 100vw, 640px\" \/><\/p>\n","protected":false},"excerpt":{"rendered":"<p>El conocimiento cient\u00edfico, t\u00e9cnico y human\u00edstico puesto al servicio de las comunidades y los sectores m\u00e1s vulnerables de la entidad Responsables de las 16 Casas de Autorrealizaci\u00f3n de la Universidad Aut\u00f3noma de Tlaxcala (UATx) y del Centro de Atenci\u00f3n, Inclusi\u00f3n y Educaci\u00f3n Especial (CAPIES) participaron en la\u00a0\ud835\udc0f\ud835\udc2b\ud835\udc22\ud835\udc26\ud835\udc1e\ud835\udc2b\ud835\udc1a\u00a0\ud835\udc02\ud835\udc1a\ud835\udc29\ud835\udc1a\ud835\udc1c\ud835\udc22\ud835\udc2d\ud835\udc1a\ud835\udc1c\ud835\udc22\ud835\udc28\u0301\ud835\udc27\u00a0\ud835\udc1d\ud835\udc1e\u00a0\ud835\udc11\ud835\udc1e\ud835\udc2c\ud835\udc29\ud835\udc28\ud835\udc27\ud835\udc2c\ud835\udc1a\ud835\udc1b\ud835\udc25\ud835\udc1e\ud835\udc2c\u00a0\ud835\udc1d\ud835\udc1e\u00a0\ud835\udc02\ud835\udc1a\ud835\udc2c\ud835\udc1a\ud835\udc2c\u00a0\ud835\udc1d\ud835\udc1e\u00a0\ud835\udc00\ud835\udc2e\ud835\udc2d\ud835\udc28\ud835\udc2b\ud835\udc2b\ud835\udc1e\ud835\udc1a\ud835\udc25\ud835\udc22\ud835\udc33\ud835\udc1a\ud835\udc1c\ud835\udc22\ud835\udc28\u0301\ud835\udc27, con el fin de\u00a0fortalecer la coordinaci\u00f3n, comunicaci\u00f3n y [&hellip;]<\/p>\n","protected":false},"author":3,"featured_media":84790,"comment_status":"open","ping_status":"open","sticky":false,"template":"","format":"standard","meta":{"footnotes":""},"categories":[213,241],"tags":[],"class_list":["post-84789","post","type-post","status-publish","format-standard","has-post-thumbnail","hentry","category-educacion","category-uatx"],"amp_enabled":true,"_links":{"self":[{"href":"https:\/\/labestiapolitica.com.mx\/index.php?rest_route=\/wp\/v2\/posts\/84789","targetHints":{"allow":["GET"]}}],"collection":[{"href":"https:\/\/labestiapolitica.com.mx\/index.php?rest_route=\/wp\/v2\/posts"}],"about":[{"href":"https:\/\/labestiapolitica.com.mx\/index.php?rest_route=\/wp\/v2\/types\/post"}],"author":[{"embeddable":true,"href":"https:\/\/labestiapolitica.com.mx\/index.php?rest_route=\/wp\/v2\/users\/3"}],"replies":[{"embeddable":true,"href":"https:\/\/labestiapolitica.com.mx\/index.php?rest_route=%2Fwp%2Fv2%2Fcomments&post=84789"}],"version-history":[{"count":1,"href":"https:\/\/labestiapolitica.com.mx\/index.php?rest_route=\/wp\/v2\/posts\/84789\/revisions"}],"predecessor-version":[{"id":84791,"href":"https:\/\/labestiapolitica.com.mx\/index.php?rest_route=\/wp\/v2\/posts\/84789\/revisions\/84791"}],"wp:featuredmedia":[{"embeddable":true,"href":"https:\/\/labestiapolitica.com.mx\/index.php?rest_route=\/wp\/v2\/media\/84790"}],"wp:attachment":[{"href":"https:\/\/labestiapolitica.com.mx\/index.php?rest_route=%2Fwp%2Fv2%2Fmedia&parent=84789"}],"wp:term":[{"taxonomy":"category","embeddable":true,"href":"https:\/\/labestiapolitica.com.mx\/index.php?rest_route=%2Fwp%2Fv2%2Fcategories&post=84789"},{"taxonomy":"post_tag","embeddable":true,"href":"https:\/\/labestiapolitica.com.mx\/index.php?rest_route=%2Fwp%2Fv2%2Ftags&post=84789"}],"curies":[{"name":"wp","href":"https:\/\/api.w.org\/{rel}","templated":true}]}}