{"id":84795,"date":"2026-09-04T19:47:42","date_gmt":"2026-09-05T01:47:42","guid":{"rendered":"https:\/\/labestiapolitica.com.mx\/?p=84795"},"modified":"2026-09-04T19:47:42","modified_gmt":"2026-09-05T01:47:42","slug":"victor-manuel-encontro-en-el-mercado-de-artesanos-de-tlaxcala-un-espacio-para-mostrar-y-comercializar-su-talento-con-la-madera","status":"publish","type":"post","link":"https:\/\/labestiapolitica.com.mx\/?p=84795","title":{"rendered":"V\u00edctor Manuel encontr\u00f3 en el mercado de artesanos de Tlaxcala un espacio para mostrar y comercializar su talento con la madera."},"content":{"rendered":"<p style=\"text-align: justify;\">Cada pieza artesanal cuenta una historia y lleva consigo el sello irrepetible de quien la crea, como en el caso de don V\u00edctor Manuel Carro, quien se dedica a la elaboraci\u00f3n de percheros, portacelulares, llaveros y letreros, piezas elaboradas a base de madera completamente a mano que hoy tienen en el Mercado de Artesanos un espacio para mostrar este talento, preservar sus t\u00e9cnicas y acercar sus creaciones directamente a las familias y visitantes.<\/p>\n<p style=\"text-align: justify;\">\nEl artesano explica que, a diferencia de los productos elaborados en serie, en la artesan\u00eda no existen dos piezas exactamente iguales, pues los colores, formas, acabados y detalles cambian en cada elaboraci\u00f3n.<\/p>\n<p style=\"text-align: justify;\">\nDon V\u00edctor, responsable del Local 14, elabora sus propias piezas y trabaja en coordinaci\u00f3n con otros artesanos y restauradores para ofrecer productos que incorporan distintas t\u00e9cnicas, como la pintura sobre barro y dise\u00f1os inspirados en motivos taurinos y elementos de la tradici\u00f3n local.<\/p>\n<p style=\"text-align: justify;\">\nCon el uso de algunas plataformas de redes sociales, el artesano atrae a clientes hasta su negocio, pero su objetivo es que no solo le compren a \u00e9l, sino que los visitantes puedan tambi\u00e9n conocer el trabajo de otros artesanos que tienen en este lugar sus creaciones a la venta.<\/p>\n<p style=\"text-align: justify;\">\nCabe destacar que el gobierno que encabeza Carlos L\u00f3pez Su\u00e1rez da continuidad a la labor iniciada por Alfonso S\u00e1nchez, a fin de mantener el respaldo permanente a las y los creadores locales a trav\u00e9s de este Mercado, adem\u00e1s de promover espacios que impulsen la preservaci\u00f3n de las tradiciones y el desarrollo econ\u00f3mico de las familias artesanas.<\/p>\n<p style=\"text-align: justify;\">\nUbicado en la calle Xicoht\u00e9ncatl n\u00famero 11, el Mercado de Artesanos abre sus puertas de mi\u00e9rcoles a lunes, en un horario de 10:00 a 19:00 horas, y se convierte en un espacio donde visitantes pueden encontrar piezas hechas a mano que cuentan una historia de identidad y creatividad.<\/p>\n<p>&nbsp;<\/p>\n<p><img loading=\"lazy\" decoding=\"async\" class=\"aligncenter wp-image-79046 size-large\" src=\"https:\/\/labestiapolitica.com.mx\/wp-content\/uploads\/2026\/07\/AJ-uni-819x1024.jpeg\" alt=\"\" width=\"640\" height=\"800\" srcset=\"https:\/\/labestiapolitica.com.mx\/wp-content\/uploads\/2026\/07\/AJ-uni-819x1024.jpeg 819w, https:\/\/labestiapolitica.com.mx\/wp-content\/uploads\/2026\/07\/AJ-uni-240x300.jpeg 240w, https:\/\/labestiapolitica.com.mx\/wp-content\/uploads\/2026\/07\/AJ-uni-768x960.jpeg 768w, https:\/\/labestiapolitica.com.mx\/wp-content\/uploads\/2026\/07\/AJ-uni.jpeg 1080w\" sizes=\"auto, (max-width: 640px) 100vw, 640px\" \/><\/p>\n","protected":false},"excerpt":{"rendered":"<p>Cada pieza artesanal cuenta una historia y lleva consigo el sello irrepetible de quien la crea, como en el caso de don V\u00edctor Manuel Carro, quien se dedica a la elaboraci\u00f3n de percheros, portacelulares, llaveros y letreros, piezas elaboradas a base de madera completamente a mano que hoy tienen en el Mercado de Artesanos un [&hellip;]<\/p>\n","protected":false},"author":3,"featured_media":84796,"comment_status":"open","ping_status":"open","sticky":false,"template":"","format":"standard","meta":{"footnotes":""},"categories":[216,214],"tags":[],"class_list":["post-84795","post","type-post","status-publish","format-standard","has-post-thumbnail","hentry","category-municipios","category-tlaxcala-capital"],"amp_enabled":true,"_links":{"self":[{"href":"https:\/\/labestiapolitica.com.mx\/index.php?rest_route=\/wp\/v2\/posts\/84795","targetHints":{"allow":["GET"]}}],"collection":[{"href":"https:\/\/labestiapolitica.com.mx\/index.php?rest_route=\/wp\/v2\/posts"}],"about":[{"href":"https:\/\/labestiapolitica.com.mx\/index.php?rest_route=\/wp\/v2\/types\/post"}],"author":[{"embeddable":true,"href":"https:\/\/labestiapolitica.com.mx\/index.php?rest_route=\/wp\/v2\/users\/3"}],"replies":[{"embeddable":true,"href":"https:\/\/labestiapolitica.com.mx\/index.php?rest_route=%2Fwp%2Fv2%2Fcomments&post=84795"}],"version-history":[{"count":1,"href":"https:\/\/labestiapolitica.com.mx\/index.php?rest_route=\/wp\/v2\/posts\/84795\/revisions"}],"predecessor-version":[{"id":84797,"href":"https:\/\/labestiapolitica.com.mx\/index.php?rest_route=\/wp\/v2\/posts\/84795\/revisions\/84797"}],"wp:featuredmedia":[{"embeddable":true,"href":"https:\/\/labestiapolitica.com.mx\/index.php?rest_route=\/wp\/v2\/media\/84796"}],"wp:attachment":[{"href":"https:\/\/labestiapolitica.com.mx\/index.php?rest_route=%2Fwp%2Fv2%2Fmedia&parent=84795"}],"wp:term":[{"taxonomy":"category","embeddable":true,"href":"https:\/\/labestiapolitica.com.mx\/index.php?rest_route=%2Fwp%2Fv2%2Fcategories&post=84795"},{"taxonomy":"post_tag","embeddable":true,"href":"https:\/\/labestiapolitica.com.mx\/index.php?rest_route=%2Fwp%2Fv2%2Ftags&post=84795"}],"curies":[{"name":"wp","href":"https:\/\/api.w.org\/{rel}","templated":true}]}}