{"id":84805,"date":"2026-09-05T14:27:26","date_gmt":"2026-09-05T20:27:26","guid":{"rendered":"https:\/\/labestiapolitica.com.mx\/?p=84805"},"modified":"2026-09-05T14:27:38","modified_gmt":"2026-09-05T20:27:38","slug":"unidad-de-las-izquierdas-niega-adhesion-a-sanchez-garcia-y-se-mantiene-en-la-pelea-por-la-coordinacion-estatal","status":"publish","type":"post","link":"https:\/\/labestiapolitica.com.mx\/?p=84805","title":{"rendered":"\u00abUnidad de las izquierdas\u00bb niega adhesi\u00f3n a S\u00e1nchez Garc\u00eda y se mantiene en la pelea por la coordinaci\u00f3n estatal."},"content":{"rendered":"<p style=\"text-align: justify;\"><em><strong>Mariana LOVERA<\/strong><\/em> | La definici\u00f3n de la coordinaci\u00f3n estatal contin\u00faa generando posicionamientos entre los distintos grupos que participan en el proceso interno, luego de que surgieran versiones sobre una posible adhesi\u00f3n de algunos aspirantes a Alfonso S\u00e1nchez Garc\u00eda.<\/p>\n<p style=\"text-align: justify;\">Floria Mar\u00eda Hern\u00e1ndez Hern\u00e1ndez y H\u00e9ctor Paredes Mora salieron al paso de esas versiones y dejaron claro que no han declinado ni han otorgado su respaldo a Alfonso S\u00e1nchez Garc\u00eda, por lo que continuar\u00e1n buscando encabezar la coordinaci\u00f3n estatal.<\/p>\n<p style=\"text-align: justify;\">El pronunciamiento ocurri\u00f3 durante una conferencia de prensa encabezada por Alejandro Rueda, coordinador nacional de \u201cPor la Unidad de las Izquierdas\u201d, quien aprovech\u00f3 el encuentro para cuestionar el desarrollo del proceso interno en Tlaxcala.<\/p>\n<p style=\"text-align: justify;\">Rueda se\u00f1al\u00f3 que existen situaciones que deben ser revisadas por las autoridades estatales, particularmente aquellas relacionadas con la supuesta participaci\u00f3n de servidores p\u00fablicos en actividades de promoci\u00f3n pol\u00edtica.<\/p>\n<p style=\"text-align: justify;\">Uno de los asuntos que pidi\u00f3 esclarecer es el se\u00f1alamiento sobre la presunta distribuci\u00f3n de paquetes publicitarios desde la Casa de Gobierno para favorecer a Alfonso S\u00e1nchez Garc\u00eda.<\/p>\n<p style=\"text-align: justify;\">El dirigente sostuvo que cualquier irregularidad debe reconocerse y corregirse, pues, afirm\u00f3, no se puede pretender que un proceso interno sea democr\u00e1tico si existen condiciones que puedan favorecer a determinados participantes.<\/p>\n<p style=\"text-align: justify;\">En ese sentido, demand\u00f3 que la contienda se conduzca sin simulaciones y que todos los aspirantes tengan la posibilidad de participar en igualdad de condiciones, sin presiones ni intervenci\u00f3n gubernamental.<\/p>\n<p style=\"text-align: justify;\">Durante la conferencia tambi\u00e9n se presentaron perfiles que buscan participar por las coordinaciones de los distritos federales: Pedro P\u00e9rez Hern\u00e1ndez, Irineo Reyes Salamanca y Rogelio Rold\u00e1n Morales.<\/p>\n<p style=\"text-align: justify;\">Con ello, el grupo reiter\u00f3 su postura de que la elecci\u00f3n de la pr\u00f3xima coordinaci\u00f3n estatal debe resolverse mediante un procedimiento claro y transparente, en el que sean los participantes y las reglas internas \u2014y no factores externos\u2014 los que determinen el resultado.<\/p>\n","protected":false},"excerpt":{"rendered":"<p>Mariana LOVERA | La definici\u00f3n de la coordinaci\u00f3n estatal contin\u00faa generando posicionamientos entre los distintos grupos que participan en el proceso interno, luego de que surgieran versiones sobre una posible adhesi\u00f3n de algunos aspirantes a Alfonso S\u00e1nchez Garc\u00eda. Floria Mar\u00eda Hern\u00e1ndez Hern\u00e1ndez y H\u00e9ctor Paredes Mora salieron al paso de esas versiones y dejaron claro [&hellip;]<\/p>\n","protected":false},"author":5,"featured_media":84806,"comment_status":"open","ping_status":"open","sticky":false,"template":"","format":"standard","meta":{"footnotes":""},"categories":[249,264,247],"tags":[],"class_list":["post-84805","post","type-post","status-publish","format-standard","has-post-thumbnail","hentry","category-morena","category-partidos-politicos","category-politica"],"amp_enabled":true,"_links":{"self":[{"href":"https:\/\/labestiapolitica.com.mx\/index.php?rest_route=\/wp\/v2\/posts\/84805","targetHints":{"allow":["GET"]}}],"collection":[{"href":"https:\/\/labestiapolitica.com.mx\/index.php?rest_route=\/wp\/v2\/posts"}],"about":[{"href":"https:\/\/labestiapolitica.com.mx\/index.php?rest_route=\/wp\/v2\/types\/post"}],"author":[{"embeddable":true,"href":"https:\/\/labestiapolitica.com.mx\/index.php?rest_route=\/wp\/v2\/users\/5"}],"replies":[{"embeddable":true,"href":"https:\/\/labestiapolitica.com.mx\/index.php?rest_route=%2Fwp%2Fv2%2Fcomments&post=84805"}],"version-history":[{"count":1,"href":"https:\/\/labestiapolitica.com.mx\/index.php?rest_route=\/wp\/v2\/posts\/84805\/revisions"}],"predecessor-version":[{"id":84807,"href":"https:\/\/labestiapolitica.com.mx\/index.php?rest_route=\/wp\/v2\/posts\/84805\/revisions\/84807"}],"wp:featuredmedia":[{"embeddable":true,"href":"https:\/\/labestiapolitica.com.mx\/index.php?rest_route=\/wp\/v2\/media\/84806"}],"wp:attachment":[{"href":"https:\/\/labestiapolitica.com.mx\/index.php?rest_route=%2Fwp%2Fv2%2Fmedia&parent=84805"}],"wp:term":[{"taxonomy":"category","embeddable":true,"href":"https:\/\/labestiapolitica.com.mx\/index.php?rest_route=%2Fwp%2Fv2%2Fcategories&post=84805"},{"taxonomy":"post_tag","embeddable":true,"href":"https:\/\/labestiapolitica.com.mx\/index.php?rest_route=%2Fwp%2Fv2%2Ftags&post=84805"}],"curies":[{"name":"wp","href":"https:\/\/api.w.org\/{rel}","templated":true}]}}