{"id":84808,"date":"2026-09-05T14:29:26","date_gmt":"2026-09-05T20:29:26","guid":{"rendered":"https:\/\/labestiapolitica.com.mx\/?p=84808"},"modified":"2026-09-05T14:29:26","modified_gmt":"2026-09-05T20:29:26","slug":"coparmex-tlaxcala-pide-al-congreso-legislar-sin-frenar-inversion-empleo-y-competitividad","status":"publish","type":"post","link":"https:\/\/labestiapolitica.com.mx\/?p=84808","title":{"rendered":"COPARMEX Tlaxcala pide al Congreso legislar sin frenar inversi\u00f3n, empleo y competitividad."},"content":{"rendered":"<ul>\n<li style=\"text-align: justify;\">El organismo empresarial llam\u00f3 a privilegiar el an\u00e1lisis t\u00e9cnico, el di\u00e1logo y la certeza jur\u00eddica ante las reformas que ser\u00e1n discutidas en el pr\u00f3ximo periodo ordinario de sesiones del Congreso de la Uni\u00f3n.<\/li>\n<\/ul>\n<p style=\"text-align: justify;\"><em><strong>Mariana LOVERA<\/strong><\/em> | La Confederaci\u00f3n Patronal de la Rep\u00fablica Mexicana (COPARMEX) Tlaxcala hizo un llamado al Congreso de la Uni\u00f3n para que las reformas que ser\u00e1n discutidas durante el pr\u00f3ximo periodo ordinario de sesiones sean analizadas con responsabilidad, tomando en cuenta sus posibles efectos sobre la inversi\u00f3n, la competitividad, la innovaci\u00f3n y la generaci\u00f3n de empleos formales.<\/p>\n<p style=\"text-align: justify;\">A trav\u00e9s de un comunicado, el organismo empresarial se\u00f1al\u00f3 que las decisiones legislativas tendr\u00e1n repercusiones directas sobre las empresas, particularmente las micro, peque\u00f1as y medianas empresas (MiPyMES), por lo que consider\u00f3 indispensable privilegiar el an\u00e1lisis t\u00e9cnico, el di\u00e1logo con los sectores productivos y la construcci\u00f3n de acuerdos que brinden certeza jur\u00eddica.<\/p>\n<p style=\"text-align: justify;\">Entre los asuntos que COPARMEX Tlaxcala considera de mayor impacto se encuentra el Paquete Econ\u00f3mico y la Miscel\u00e1nea Fiscal 2027, ante lo cual manifest\u00f3 su rechazo a reformas fiscales que incrementen innecesariamente las cargas para las empresas, encarezcan la formalidad o desincentiven la inversi\u00f3n.<\/p>\n<p style=\"text-align: justify;\">El organismo sostuvo que el Paquete Econ\u00f3mico deber\u00e1 enfocarse en mejorar la competitividad, fortalecer el empleo formal y generar condiciones de certidumbre para quienes invierten, producen y generan oportunidades en M\u00e9xico.<\/p>\n<p style=\"text-align: justify;\">Otro de los temas se\u00f1alados es la discusi\u00f3n de iniciativas relacionadas con derechos de autor y propiedad industrial, donde pidi\u00f3 que cualquier modificaci\u00f3n preserve la certeza jur\u00eddica y evite cargas excesivas a proveedores de internet, buscando un equilibrio entre la protecci\u00f3n de la propiedad intelectual, la innovaci\u00f3n y el crecimiento empresarial.<\/p>\n<p style=\"text-align: justify;\">Respecto a la Ley General de Equilibrio Ecol\u00f3gico y Protecci\u00f3n al Ambiente, COPARMEX consider\u00f3 necesario conciliar la protecci\u00f3n ambiental con la viabilidad t\u00e9cnica y la inversi\u00f3n. Por ello, plante\u00f3 abrir espacios de di\u00e1logo y Parlamento Abierto con el sector empresarial para evitar sobrerregulaci\u00f3n y discrecionalidad en tr\u00e1mites y autorizaciones.<\/p>\n<p style=\"text-align: justify;\">En materia de inversi\u00f3n extranjera, COPARMEX Tlaxcala reconoci\u00f3 la importancia de proteger la soberan\u00eda nacional, pero advirti\u00f3 que una reforma que incremente controles y discrecionalidad podr\u00eda afectar la certeza jur\u00eddica y el clima de negocios. Particularmente, expres\u00f3 preocupaci\u00f3n por las disposiciones aplicables a inversiones mayores al 49 por ciento en sectores estrat\u00e9gicos, la negativa ficta ante el silencio administrativo y sanciones que podr\u00edan alcanzar hasta 200 mil UMAs.<\/p>\n<p style=\"text-align: justify;\">El organismo tambi\u00e9n se pronunci\u00f3 sobre las reformas en materia anticorrupci\u00f3n, al considerar que deben fortalecer la transparencia y la integridad institucional mediante reglas claras y proporcionales, sin generar cargas innecesarias para la actividad empresarial.<\/p>\n<p style=\"text-align: justify;\">Asimismo, anunci\u00f3 que dar\u00e1 seguimiento a la legislaci\u00f3n secundaria relacionada con la reforma constitucional en materia de intervenci\u00f3n extranjera, tanto en su discusi\u00f3n en el Congreso como en su implementaci\u00f3n por las autoridades electorales, con el objetivo de evitar disposiciones que generen incertidumbre jur\u00eddica o afecten las condiciones de competencia.<\/p>\n<p style=\"text-align: justify;\">COPARMEX Tlaxcala tambi\u00e9n se refiri\u00f3 a la vacante que dej\u00f3 la exmagistrada M\u00f3nica Soto en el Tribunal Electoral del Poder Judicial de la Federaci\u00f3n (TEPJF), y consider\u00f3 indispensable que quien ocupe ese espacio cuente con un perfil t\u00e9cnico, amplio conocimiento en materia electoral y se mantenga alejado de cualquier ideolog\u00eda pol\u00edtica, particularmente de cara al proceso electoral de 2027.<\/p>\n<p style=\"text-align: justify;\">Finalmente, la organizaci\u00f3n empresarial pidi\u00f3 garantizar presupuestos adecuados para instituciones como el Instituto Nacional Electoral, las Fiscal\u00edas y las Magistraturas del Tribunal Electoral del Poder Judicial de la Federaci\u00f3n, a fin de que puedan desempe\u00f1ar correctamente sus funciones.<\/p>\n<p style=\"text-align: justify;\">\u201cM\u00e9xico necesita un Poder Legislativo que escuche a quienes invierten, emprenden y generan empleo\u201d, sostuvo COPARMEX Tlaxcala, al reiterar su disposici\u00f3n de participar en la construcci\u00f3n de acuerdos que permitan generar condiciones para que las empresas crezcan, innoven y creen m\u00e1s empleos formales.<\/p>\n<p style=\"text-align: justify;\">La organizaci\u00f3n concluy\u00f3 que legislar con responsabilidad implica medir costos, prever impactos y garantizar que las nuevas obligaciones sean viables, especialmente para las MiPyMES.<\/p>\n","protected":false},"excerpt":{"rendered":"<p>El organismo empresarial llam\u00f3 a privilegiar el an\u00e1lisis t\u00e9cnico, el di\u00e1logo y la certeza jur\u00eddica ante las reformas que ser\u00e1n discutidas en el pr\u00f3ximo periodo ordinario de sesiones del Congreso de la Uni\u00f3n. Mariana LOVERA | La Confederaci\u00f3n Patronal de la Rep\u00fablica Mexicana (COPARMEX) Tlaxcala hizo un llamado al Congreso de la Uni\u00f3n para que [&hellip;]<\/p>\n","protected":false},"author":5,"featured_media":84809,"comment_status":"open","ping_status":"open","sticky":false,"template":"","format":"standard","meta":{"footnotes":""},"categories":[3,7,256],"tags":[],"class_list":["post-84808","post","type-post","status-publish","format-standard","has-post-thumbnail","hentry","category-8-columnas","category-ciudadanos","category-economia"],"amp_enabled":true,"_links":{"self":[{"href":"https:\/\/labestiapolitica.com.mx\/index.php?rest_route=\/wp\/v2\/posts\/84808","targetHints":{"allow":["GET"]}}],"collection":[{"href":"https:\/\/labestiapolitica.com.mx\/index.php?rest_route=\/wp\/v2\/posts"}],"about":[{"href":"https:\/\/labestiapolitica.com.mx\/index.php?rest_route=\/wp\/v2\/types\/post"}],"author":[{"embeddable":true,"href":"https:\/\/labestiapolitica.com.mx\/index.php?rest_route=\/wp\/v2\/users\/5"}],"replies":[{"embeddable":true,"href":"https:\/\/labestiapolitica.com.mx\/index.php?rest_route=%2Fwp%2Fv2%2Fcomments&post=84808"}],"version-history":[{"count":1,"href":"https:\/\/labestiapolitica.com.mx\/index.php?rest_route=\/wp\/v2\/posts\/84808\/revisions"}],"predecessor-version":[{"id":84810,"href":"https:\/\/labestiapolitica.com.mx\/index.php?rest_route=\/wp\/v2\/posts\/84808\/revisions\/84810"}],"wp:featuredmedia":[{"embeddable":true,"href":"https:\/\/labestiapolitica.com.mx\/index.php?rest_route=\/wp\/v2\/media\/84809"}],"wp:attachment":[{"href":"https:\/\/labestiapolitica.com.mx\/index.php?rest_route=%2Fwp%2Fv2%2Fmedia&parent=84808"}],"wp:term":[{"taxonomy":"category","embeddable":true,"href":"https:\/\/labestiapolitica.com.mx\/index.php?rest_route=%2Fwp%2Fv2%2Fcategories&post=84808"},{"taxonomy":"post_tag","embeddable":true,"href":"https:\/\/labestiapolitica.com.mx\/index.php?rest_route=%2Fwp%2Fv2%2Ftags&post=84808"}],"curies":[{"name":"wp","href":"https:\/\/api.w.org\/{rel}","templated":true}]}}