{"id":84819,"date":"2026-09-05T16:44:19","date_gmt":"2026-09-05T22:44:19","guid":{"rendered":"https:\/\/labestiapolitica.com.mx\/?p=84819"},"modified":"2026-09-05T16:49:49","modified_gmt":"2026-09-05T22:49:49","slug":"fernanda-valladares-de-apetatitlan-es-coronada-reina-de-tlaxcala-la-feria-de-ferias-2026","status":"publish","type":"post","link":"https:\/\/labestiapolitica.com.mx\/?p=84819","title":{"rendered":"Fernanda Valladares de Apetatitl\u00e1n, es coronada Reina de Tlaxcala, la Feria de Ferias 2026."},"content":{"rendered":"<ul>\n<li style=\"text-align: justify;\">El Teatro Xicoht\u00e9ncatl se llen\u00f3 de emoci\u00f3n, porras y apoyo durante el certamen \u201cLa Flor Tlaxcalteca\u201d, que reuni\u00f3 a 12 representantes municipales rumbo a la Feria de Ferias 2026.<\/li>\n<\/ul>\n<p style=\"text-align: justify;\">Daniel Angulo | Fernanda Valladares, representante de San Pablo Apetatitl\u00e1n, fue coronada como Reina de Tlaxcala, la Feria de Ferias 2026, durante el certamen \u201cLa Flor Tlaxcalteca\u201d, celebrado en el Teatro Xicoht\u00e9ncatl, donde las porras, los nervios y la emoci\u00f3n acompa\u00f1aron a las participantes a lo largo de cada etapa.<\/p>\n<p style=\"text-align: justify;\">El certamen reuni\u00f3 a representantes de Chiautempan, Nanacamilpa, Zacatelco, San Juan Huactzinco, Yauhquemehcan, Tlaxcala, La Magdalena Tlatelulco, Tetla de la Solidaridad, Teolocholco, Apizaco, Santa Cruz Tlaxcala y San Pablo Apetatitl\u00e1n, quienes buscaron quedarse con el t\u00edtulo que las convertir\u00eda en una de las figuras de la pr\u00f3xima edici\u00f3n de la feria estatal.<\/p>\n<p style=\"text-align: justify;\">La competencia comenz\u00f3 con la presentaci\u00f3n de las candidatas en trajes t\u00edpicos de sus municipios, con los que mostraron parte de las tradiciones y la identidad de sus comunidades.<\/p>\n<p style=\"text-align: justify;\">Despu\u00e9s lleg\u00f3 la etapa de vestido de gala, para posteriormente enfrentarse a la ronda de preguntas y respuestas, donde pusieron a prueba su desenvolvimiento y conocimiento.<\/p>\n<p style=\"text-align: justify;\">Las porras de familiares, amigos y habitantes de los municipios estuvieron presentes durante el certamen, convirtiendo cada aparici\u00f3n sobre el escenario en un momento de celebraci\u00f3n.<\/p>\n<p style=\"text-align: justify;\">Al final de las distintas etapas de evaluaci\u00f3n, el resultado favoreci\u00f3 a Fernanda Valladares, de San Pablo Apetatitl\u00e1n, quien recibi\u00f3 la corona como Reina de Tlaxcala, la Feria de Ferias 2026.<\/p>\n<p style=\"text-align: justify;\">Adem\u00e1s, el jurado determin\u00f3 que Alejandra Casas, de Yauhquemehcan, acompa\u00f1e a la ganadora como primera princesa; Natalia Casta\u00f1\u00f3n, representante de Tlaxcala, como segunda princesa; y Hermi Hern\u00e1ndez, de Teolocholco, fue elegida como Embajadora Digital.<\/p>\n<p style=\"text-align: justify;\">La coronaci\u00f3n marca tambi\u00e9n el inicio de la cuenta regresiva hacia \u201cTlaxcala, la Feria de Ferias 2026\u201d, que se realizar\u00e1 del 22 de octubre al 16 de noviembre y llegar\u00e1 con un recinto completamente renovado.<\/p>\n","protected":false},"excerpt":{"rendered":"<p>El Teatro Xicoht\u00e9ncatl se llen\u00f3 de emoci\u00f3n, porras y apoyo durante el certamen \u201cLa Flor Tlaxcalteca\u201d, que reuni\u00f3 a 12 representantes municipales rumbo a la Feria de Ferias 2026. Daniel Angulo | Fernanda Valladares, representante de San Pablo Apetatitl\u00e1n, fue coronada como Reina de Tlaxcala, la Feria de Ferias 2026, durante el certamen \u201cLa Flor [&hellip;]<\/p>\n","protected":false},"author":5,"featured_media":84820,"comment_status":"open","ping_status":"open","sticky":false,"template":"","format":"standard","meta":{"footnotes":""},"categories":[3,7,312],"tags":[],"class_list":["post-84819","post","type-post","status-publish","format-standard","has-post-thumbnail","hentry","category-8-columnas","category-ciudadanos","category-cultura"],"amp_enabled":true,"_links":{"self":[{"href":"https:\/\/labestiapolitica.com.mx\/index.php?rest_route=\/wp\/v2\/posts\/84819","targetHints":{"allow":["GET"]}}],"collection":[{"href":"https:\/\/labestiapolitica.com.mx\/index.php?rest_route=\/wp\/v2\/posts"}],"about":[{"href":"https:\/\/labestiapolitica.com.mx\/index.php?rest_route=\/wp\/v2\/types\/post"}],"author":[{"embeddable":true,"href":"https:\/\/labestiapolitica.com.mx\/index.php?rest_route=\/wp\/v2\/users\/5"}],"replies":[{"embeddable":true,"href":"https:\/\/labestiapolitica.com.mx\/index.php?rest_route=%2Fwp%2Fv2%2Fcomments&post=84819"}],"version-history":[{"count":1,"href":"https:\/\/labestiapolitica.com.mx\/index.php?rest_route=\/wp\/v2\/posts\/84819\/revisions"}],"predecessor-version":[{"id":84821,"href":"https:\/\/labestiapolitica.com.mx\/index.php?rest_route=\/wp\/v2\/posts\/84819\/revisions\/84821"}],"wp:featuredmedia":[{"embeddable":true,"href":"https:\/\/labestiapolitica.com.mx\/index.php?rest_route=\/wp\/v2\/media\/84820"}],"wp:attachment":[{"href":"https:\/\/labestiapolitica.com.mx\/index.php?rest_route=%2Fwp%2Fv2%2Fmedia&parent=84819"}],"wp:term":[{"taxonomy":"category","embeddable":true,"href":"https:\/\/labestiapolitica.com.mx\/index.php?rest_route=%2Fwp%2Fv2%2Fcategories&post=84819"},{"taxonomy":"post_tag","embeddable":true,"href":"https:\/\/labestiapolitica.com.mx\/index.php?rest_route=%2Fwp%2Fv2%2Ftags&post=84819"}],"curies":[{"name":"wp","href":"https:\/\/api.w.org\/{rel}","templated":true}]}}