{"id":84822,"date":"2026-09-05T16:50:18","date_gmt":"2026-09-05T22:50:18","guid":{"rendered":"https:\/\/labestiapolitica.com.mx\/?p=84822"},"modified":"2026-09-05T16:51:35","modified_gmt":"2026-09-05T22:51:35","slug":"84822","status":"publish","type":"post","link":"https:\/\/labestiapolitica.com.mx\/?p=84822","title":{"rendered":"Huamantla cierra agosto con trabajo, tradici\u00f3n y resultados."},"content":{"rendered":"<div class=\"n6owBd awi2gc\" style=\"text-align: justify;\" data-sfc-cp=\"\" data-sfc-root=\"ep\" data-hveid=\"CAAIBhAA\" data-complete=\"true\" data-processed=\"true\" data-copy-service-computed-style=\"font-family: &quot;Google Sans&quot;, Arial, sans-serif; font-size: 16px; font-weight: 400; margin: 12px 0px 16px; text-decoration: none; border-bottom: 0px rgb(230, 232, 240);\">Durante agosto, el Gobierno Municipal de Huamantla, encabezado por el presidente municipal Chava Santos Cedillo, mantuvo una agenda de trabajo que combin\u00f3 la celebraci\u00f3n de la Feria Internacional del Arte Ef\u00edmero y la Dalia 2026 con acciones en materia de seguridad, servicios p\u00fablicos, obra, campo, medio ambiente, juventud, deporte, educaci\u00f3n, cultura y desarrollo econ\u00f3mico.<\/div>\n<p style=\"text-align: justify;\">El mes represent\u00f3 una intensa actividad para el municipio, con la presencia de habitantes y visitantes que participaron en las actividades culturales y tradicionales de la Feria, al tiempo que las distintas \u00e1reas de la administraci\u00f3n municipal mantuvieron sus labores de atenci\u00f3n y servicio.<\/p>\n<h2 style=\"text-align: justify;\">Feria con proyecci\u00f3n nacional e internacional.<\/h2>\n<p style=\"text-align: justify;\">Durante agosto, Huamantla recibi\u00f3 espect\u00e1culos de nivel nacional e internacional, acompa\u00f1ados de una producci\u00f3n de gran formato y est\u00e1ndares de calidad, como parte de la programaci\u00f3n de la Feria Internacional del Arte Ef\u00edmero y la Dalia 2026.<br \/>\nLa celebraci\u00f3n incluy\u00f3 actividades art\u00edsticas, culturales y tradicionales, as\u00ed como propuestas dirigidas a ni\u00f1as, ni\u00f1os y familias.<\/p>\n<p style=\"text-align: justify;\">Entre las expresiones tradicionales de la temporada destacaron el Desfile de la Dalia, el Gran Desfile de la Huamantlada y La Noche que Nadie Duerme, acontecimientos que forman parte de la identidad cultural de Huamantla.<br \/>\nLa temporada tambi\u00e9n contempl\u00f3 actividades taurinas y un amplio programa cultural relacionado con esta tradici\u00f3n.<\/p>\n<h2 style=\"text-align: justify;\">Seguridad y prevenci\u00f3n<\/h2>\n<p style=\"text-align: justify;\">La seguridad y la prevenci\u00f3n fueron una prioridad durante los principales acontecimientos de agosto.<\/p>\n<p style=\"text-align: justify;\">La Direcci\u00f3n de Seguridad P\u00fablica, Tr\u00e1nsito y Protecci\u00f3n Civil mantuvo acciones operativas durante la Feria, con recorridos preventivos y presencia en las zonas de mayor concentraci\u00f3n.<\/p>\n<p style=\"text-align: justify;\">Para la Huamantlada 2026 se implement\u00f3 un operativo interinstitucional con la participaci\u00f3n de Seguridad P\u00fablica, Protecci\u00f3n Civil, Guardia Nacional, Ej\u00e9rcito Mexicano, Cruz Roja, CRUMT y COEPRIST, fortaleciendo la coordinaci\u00f3n para la atenci\u00f3n y prevenci\u00f3n durante uno de los eventos de mayor concentraci\u00f3n de personas en el municipio.<\/p>\n<p style=\"text-align: justify;\">La estrategia de coordinaci\u00f3n tambi\u00e9n estuvo presente en otros acontecimientos de la Feria que requirieron medidas especiales de seguridad, movilidad y atenci\u00f3n de emergencias.<br \/>\nObra p\u00fablica<\/p>\n<p style=\"text-align: justify;\">En materia de infraestructura, durante agosto avanzaron los trabajos de rehabilitaci\u00f3n de la calle Roberto Covarrubias, donde se realizaron labores de colocaci\u00f3n de carpeta asf\u00e1ltica y construcci\u00f3n de nuevas guarniciones y banquetas, adem\u00e1s de trabajos de infraestructura sanitaria a cargo de CAPAMH.<\/p>\n<p style=\"text-align: justify;\">Asimismo, el 31 de agosto se retomaron trabajos de obra en la calle Abasolo, en el tramo correspondiente a Allende y Ju\u00e1rez, por lo que se implementaron medidas de circulaci\u00f3n para facilitar la movilidad durante la ejecuci\u00f3n de los trabajos.<\/p>\n<h2 style=\"text-align: justify;\">Servicios p\u00fablicos<\/h2>\n<p style=\"text-align: justify;\">Durante la temporada de Feria, las \u00e1reas municipales reforzaron las labores de limpieza, barrido y recolecci\u00f3n de residuos en calles, avenidas y zonas de mayor afluencia.<\/p>\n<p style=\"text-align: justify;\">El programa de alumbrado \u201cHuamantla Brilla M\u00e1s\u201d continu\u00f3 con trabajos de mantenimiento y reemplazo de luminarias en distintos puntos de la ciudad.<\/p>\n<p style=\"text-align: justify;\">Por su parte, la CAPAMH mantuvo sus labores de atenci\u00f3n a fugas, reconexiones y mantenimiento de la red hidr\u00e1ulica.<\/p>\n<p style=\"text-align: justify;\">Estas acciones permitieron mantener la atenci\u00f3n de los servicios municipales durante un periodo de especial actividad para Huamantla.<\/p>\n<h2 style=\"text-align: justify;\">Campo, producci\u00f3n y capacitaci\u00f3n<\/h2>\n<p style=\"text-align: justify;\">El sector agropecuario tuvo una presencia importante durante agosto con la Expo Ganadera Huamantla 2026, espacio que reuni\u00f3 ejemplares pecuarios y productos agr\u00edcolas y ganaderos de productores locales.<\/p>\n<p style=\"text-align: justify;\">La agenda del sector tambi\u00e9n incluy\u00f3 actividades de capacitaci\u00f3n. La Coordinaci\u00f3n de Agricultura, Ganader\u00eda y Bienestar Animal particip\u00f3 en el cierre del curso de Tecnolog\u00edas Dom\u00e9sticas Agroalimentarias, en la especialidad de chocolater\u00eda, y ofreci\u00f3 una pl\u00e1tica sobre curtido de pieles, como parte de las acciones de capacitaci\u00f3n vinculadas con las actividades productivas.<\/p>\n<h2 style=\"text-align: justify;\">Bienestar animal<\/h2>\n<p style=\"text-align: justify;\">El bienestar animal tambi\u00e9n form\u00f3 parte de las acciones municipales.<\/p>\n<p style=\"text-align: justify;\">El 28 de agosto, la Cl\u00ednica Biof\u00edlica Municipal realiz\u00f3 una Feria de Adopci\u00f3n en la que 17 perros encontraron un nuevo hogar con familias huamantlecas.<\/p>\n<p style=\"text-align: justify;\">La jornada tambi\u00e9n incluy\u00f3 orientaci\u00f3n relacionada con esterilizaci\u00f3n y tenencia responsable de animales de compa\u00f1\u00eda.<\/p>\n<h2 style=\"text-align: justify;\">Medio ambiente<\/h2>\n<p style=\"text-align: justify;\">El cuidado del medio ambiente tuvo presencia en la agenda municipal mediante las Jornadas del Programa de Reforestaci\u00f3n Municipal 2026, realizadas del 10 al 13 de agosto.<\/p>\n<p style=\"text-align: justify;\">Las actividades se desarrollaron en Los Pilares, Cerro Quimicho, El Carmen, Xalpatlahuaya y San Sebasti\u00e1n, con participaci\u00f3n de familias, ni\u00f1as y ni\u00f1os.<\/p>\n<p style=\"text-align: justify;\">Con estas acciones se promovi\u00f3 la participaci\u00f3n ciudadana en la recuperaci\u00f3n y conservaci\u00f3n de espacios naturales del municipio.<\/p>\n<h2 style=\"text-align: justify;\">Juventud y deporte<\/h2>\n<p style=\"text-align: justify;\">El Gobierno Municipal mantuvo espacios para reconocer e impulsar la participaci\u00f3n de las nuevas generaciones.<\/p>\n<p style=\"text-align: justify;\">El Premio Municipal de la Juventud \u201cL\u00edderes Huamantlecos 2026\u201d realiz\u00f3 su ceremonia de premiaci\u00f3n el 12 de agosto, reconociendo el talento, emprendimiento y creatividad de j\u00f3venes huamantlecos.<\/p>\n<p style=\"text-align: justify;\">En materia deportiva, el 30 de agosto se realiz\u00f3 la Carrera de los Barrios Huamantla 2026, con recorridos de cinco y diez kil\u00f3metros, reuniendo a familias, j\u00f3venes y corredores en una actividad que forma parte de la tradici\u00f3n deportiva del municipio.<\/p>\n<h2 style=\"text-align: justify;\">Educaci\u00f3n<\/h2>\n<p style=\"text-align: justify;\">En materia educativa, durante agosto el Ayuntamiento se sum\u00f3 a la difusi\u00f3n de las convocatorias de la Secretar\u00eda de Educaci\u00f3n P\u00fablica del Estado relacionadas con la contrataci\u00f3n de gu\u00edas y promotores para los nuevos planteles de Bachillerato \u201cMargarita Maza\u201d que iniciar\u00e1n operaciones en el municipio.<\/p>\n<p style=\"text-align: justify;\">Por otra parte, el Sistema Municipal DIF llev\u00f3 a cabo el 13 de agosto una conferencia dirigida a madres, padres y familias, como parte de los espacios de reflexi\u00f3n y aprendizaje orientados al fortalecimiento de los v\u00ednculos familiares.<br \/>\nCultura y tradiciones<\/p>\n<p style=\"text-align: justify;\">La cultura ocup\u00f3 un lugar central durante agosto. El Museo Taurino fue sede de un programa cultural que incluy\u00f3 exposiciones, presentaciones editoriales, conferencias y actividades relacionadas con la tradici\u00f3n taurina.<\/p>\n<p style=\"text-align: justify;\">De manera paralela, artesanos, productores y comerciantes locales participaron en la din\u00e1mica de la Feria mediante la promoci\u00f3n de artesan\u00edas, gastronom\u00eda y productos regionales.<\/p>\n<p style=\"text-align: justify;\">La actividad cultural y tradicional contribuy\u00f3 a mantener vigente la identidad que distingue a Huamantla y que constituye uno de sus principales atractivos tur\u00edsticos.<\/p>\n<h2 style=\"text-align: justify;\">Desarrollo econ\u00f3mico<\/h2>\n<p style=\"text-align: justify;\">El fortalecimiento de la actividad econ\u00f3mica tambi\u00e9n form\u00f3 parte de la agenda municipal.<\/p>\n<p style=\"text-align: justify;\">El 14 de agosto, el presidente municipal Chava Santos Cedillo suscribi\u00f3 el Pacto por la Prosperidad, la Justicia Econ\u00f3mica y la Seguridad de Tlaxcala, en el Polo de Desarrollo Econ\u00f3mico para el Bienestar (PODECOBI) de Huamantla.<\/p>\n<p style=\"text-align: justify;\">En este espacio se destac\u00f3 tambi\u00e9n que en el PODECOBI ya se hab\u00edan formalizado seis empresas.<\/p>\n<p style=\"text-align: justify;\">Ese mismo d\u00eda se dio a conocer la publicaci\u00f3n oficial relacionada con la Ciudad del Abastecimiento, junto con su convocatoria, lineamientos y requisitos.<\/p>\n<h2 style=\"text-align: justify;\">Mujeres e igualdad<\/h2>\n<p style=\"text-align: justify;\">El Gobierno Municipal reiter\u00f3 durante agosto su compromiso con una cultura de respeto e igualdad.<\/p>\n<p style=\"text-align: justify;\">El 24 de agosto, el presidente municipal hizo un llamado p\u00fablico a no normalizar la violencia contra las mujeres, al se\u00f1alar que ning\u00fan proceso de cr\u00edtica o inconformidad justifica la agresi\u00f3n o la humillaci\u00f3n p\u00fablica.<br \/>\nGobierno cercano<\/p>\n<p style=\"text-align: justify;\">Se mantuvo una pol\u00edtica de atenci\u00f3n cercana a la ciudadan\u00eda, privilegiando el di\u00e1logo y la conciliaci\u00f3n ante situaciones que pudieran afectar la convivencia social.<br \/>\nUn agosto de intensa actividad para Huamantla<\/p>\n<p style=\"text-align: justify;\">Agosto dej\u00f3 en Huamantla una agenda marcada por la celebraci\u00f3n de sus tradiciones y, al mismo tiempo, por la continuidad de las acciones de gobierno.<\/p>\n<p style=\"text-align: justify;\">Seguridad, servicios p\u00fablicos, infraestructura, campo, bienestar animal, medio ambiente, juventud, deporte, educaci\u00f3n, cultura, desarrollo econ\u00f3mico e igualdad formaron parte de las actividades desarrolladas durante el mes.<\/p>\n<p style=\"text-align: justify;\">Con trabajo coordinado y atenci\u00f3n a las distintas necesidades del municipio, el Gobierno Municipal de Huamantla refrend\u00f3 su compromiso de mantener una administraci\u00f3n cercana a la ciudadan\u00eda y de fortalecer las condiciones para el desarrollo de las familias huamantlecas.<\/p>\n","protected":false},"excerpt":{"rendered":"<p>Durante agosto, el Gobierno Municipal de Huamantla, encabezado por el presidente municipal Chava Santos Cedillo, mantuvo una agenda de trabajo que combin\u00f3 la celebraci\u00f3n de la Feria Internacional del Arte Ef\u00edmero y la Dalia 2026 con acciones en materia de seguridad, servicios p\u00fablicos, obra, campo, medio ambiente, juventud, deporte, educaci\u00f3n, cultura y desarrollo econ\u00f3mico. El [&hellip;]<\/p>\n","protected":false},"author":5,"featured_media":84825,"comment_status":"open","ping_status":"open","sticky":false,"template":"","format":"standard","meta":{"footnotes":""},"categories":[220,216],"tags":[],"class_list":["post-84822","post","type-post","status-publish","format-standard","has-post-thumbnail","hentry","category-huamantla","category-municipios"],"amp_enabled":true,"_links":{"self":[{"href":"https:\/\/labestiapolitica.com.mx\/index.php?rest_route=\/wp\/v2\/posts\/84822","targetHints":{"allow":["GET"]}}],"collection":[{"href":"https:\/\/labestiapolitica.com.mx\/index.php?rest_route=\/wp\/v2\/posts"}],"about":[{"href":"https:\/\/labestiapolitica.com.mx\/index.php?rest_route=\/wp\/v2\/types\/post"}],"author":[{"embeddable":true,"href":"https:\/\/labestiapolitica.com.mx\/index.php?rest_route=\/wp\/v2\/users\/5"}],"replies":[{"embeddable":true,"href":"https:\/\/labestiapolitica.com.mx\/index.php?rest_route=%2Fwp%2Fv2%2Fcomments&post=84822"}],"version-history":[{"count":3,"href":"https:\/\/labestiapolitica.com.mx\/index.php?rest_route=\/wp\/v2\/posts\/84822\/revisions"}],"predecessor-version":[{"id":84826,"href":"https:\/\/labestiapolitica.com.mx\/index.php?rest_route=\/wp\/v2\/posts\/84822\/revisions\/84826"}],"wp:featuredmedia":[{"embeddable":true,"href":"https:\/\/labestiapolitica.com.mx\/index.php?rest_route=\/wp\/v2\/media\/84825"}],"wp:attachment":[{"href":"https:\/\/labestiapolitica.com.mx\/index.php?rest_route=%2Fwp%2Fv2%2Fmedia&parent=84822"}],"wp:term":[{"taxonomy":"category","embeddable":true,"href":"https:\/\/labestiapolitica.com.mx\/index.php?rest_route=%2Fwp%2Fv2%2Fcategories&post=84822"},{"taxonomy":"post_tag","embeddable":true,"href":"https:\/\/labestiapolitica.com.mx\/index.php?rest_route=%2Fwp%2Fv2%2Ftags&post=84822"}],"curies":[{"name":"wp","href":"https:\/\/api.w.org\/{rel}","templated":true}]}}