{"id":84827,"date":"2026-09-05T16:54:53","date_gmt":"2026-09-05T22:54:53","guid":{"rendered":"https:\/\/labestiapolitica.com.mx\/?p=84827"},"modified":"2026-09-05T16:54:53","modified_gmt":"2026-09-05T22:54:53","slug":"que-nadie-se-quede-sin-abogado-por-no-tener-dinero-miriam-martinez-y-luis-miguel-hernandez-van-por-una-defensoria-publica-para-todos","status":"publish","type":"post","link":"https:\/\/labestiapolitica.com.mx\/?p=84827","title":{"rendered":"Que nadie se quede sin abogado por no tener dinero: Miriam Mart\u00ednez y Luis Miguel Hern\u00e1ndez van por una Defensor\u00eda P\u00fablica para todos."},"content":{"rendered":"<ul>\n<li style=\"text-align: justify;\">La propuesta busca acercar la Defensor\u00eda P\u00fablica a municipios y comunidades, fortalecer la atenci\u00f3n y garantizar que la distancia o la falta de recursos no sean obst\u00e1culos para acceder a la justicia.<\/li>\n<\/ul>\n<p style=\"text-align: justify;\">La diputada local Miriam Mart\u00ednez S\u00e1nchez incluy\u00f3 en su agenda legislativa una propuesta para fortalecer y ampliar los servicios de la Defensor\u00eda P\u00fablica en Tlaxcala, con el objetivo de que ninguna persona quede lejos de la justicia por no contar con recursos para contratar un abogado o por vivir en una comunidad alejada.<\/p>\n<p style=\"text-align: justify;\">La propuesta fue presentada por Luis Miguel Hern\u00e1ndez Hern\u00e1ndez, quien, desde su propia experiencia de vida en una comunidad alejada, destac\u00f3 la importancia de que los servicios de justicia realmente est\u00e9n al alcance de todas las personas, sin importar d\u00f3nde viven o cu\u00e1nto dinero tienen.<\/p>\n<blockquote>\n<p style=\"text-align: justify;\"><em>\u201cPara una persona que no cuenta con recursos para contratar un abogado, la Defensor\u00eda P\u00fablica no es una opci\u00f3n m\u00e1s; muchas veces puede ser su \u00fanica puerta de entrada a la justicia. Esa puerta no solamente debe existir, tiene que estar abierta, cerca y funcionar bien\u201d, afirm\u00f3.<\/em><\/p>\n<\/blockquote>\n<p style=\"text-align: justify;\">Hern\u00e1ndez Hern\u00e1ndez record\u00f3 que tan solo en septiembre de 2025 la Defensor\u00eda P\u00fablica report\u00f3 m\u00e1s de mil 400 asuntos en tr\u00e1mite en materia penal, lo que refleja la magnitud de la responsabilidad que enfrenta esta instituci\u00f3n.<\/p>\n<p style=\"text-align: justify;\">A\u00f1adi\u00f3 que la necesidad de atenci\u00f3n tambi\u00e9n se extiende a asuntos familiares, civiles y administrativos, por lo que consider\u00f3 necesario fortalecer la presencia de la Defensor\u00eda P\u00fablica en todo el territorio estatal.<\/p>\n<p style=\"text-align: justify;\">La propuesta de Miriam Mart\u00ednez plantea fortalecer la atenci\u00f3n regional y acercar los servicios de la Defensor\u00eda P\u00fablica a municipios y comunidades, adem\u00e1s de reforzar la capacitaci\u00f3n, evaluaci\u00f3n y profesionalizaci\u00f3n de quienes desempe\u00f1an esta funci\u00f3n.<\/p>\n<blockquote>\n<p style=\"text-align: justify;\"><em>\u201cNo se trata \u00fanicamente de asignar un defensor, sino de garantizar que cada persona sea atendida por un profesional que conozca su expediente, escuche sus necesidades, le explique claramente el proceso y la represente con preparaci\u00f3n y responsabilidad\u201d, enfatiz\u00f3 Hern\u00e1ndez.<\/em><\/p>\n<\/blockquote>\n<p style=\"text-align: justify;\">La agenda legislativa tambi\u00e9n contempla agilizar los procedimientos para obtener la reparaci\u00f3n del da\u00f1o cuando una instituci\u00f3n p\u00fablica afecte de manera irregular a un ciudadano, evitando que las v\u00edctimas tengan que enfrentar procesos burocr\u00e1ticos prolongados.<\/p>\n<blockquote>\n<p style=\"text-align: justify;\"><em>\u201cEl Estado tambi\u00e9n debe responder cuando act\u00faa de manera incorrecta. Ning\u00fan ciudadano deber\u00eda recorrer un laberinto burocr\u00e1tico para exigir la reparaci\u00f3n de un da\u00f1o provocado por una autoridad\u201d, se\u00f1al\u00f3.<\/em><\/p>\n<\/blockquote>\n<p style=\"text-align: justify;\">Finalmente, Luis Miguel Hern\u00e1ndez destac\u00f3 la importancia de que estos temas lleguen al Congreso y se conviertan en acciones concretas para acercar la justicia a quienes m\u00e1s la necesitan.<\/p>\n<blockquote>\n<p style=\"text-align: justify;\"><em>\u201cEn Tlaxcala, la distancia, el municipio donde vivimos o nuestra condici\u00f3n econ\u00f3mica nunca deben colocarnos lejos de la justicia\u201d, concluy\u00f3.<\/em><\/p>\n<\/blockquote>\n","protected":false},"excerpt":{"rendered":"<p>La propuesta busca acercar la Defensor\u00eda P\u00fablica a municipios y comunidades, fortalecer la atenci\u00f3n y garantizar que la distancia o la falta de recursos no sean obst\u00e1culos para acceder a la justicia. La diputada local Miriam Mart\u00ednez S\u00e1nchez incluy\u00f3 en su agenda legislativa una propuesta para fortalecer y ampliar los servicios de la Defensor\u00eda P\u00fablica [&hellip;]<\/p>\n","protected":false},"author":5,"featured_media":84828,"comment_status":"open","ping_status":"open","sticky":false,"template":"","format":"standard","meta":{"footnotes":""},"categories":[248,264,247],"tags":[],"class_list":["post-84827","post","type-post","status-publish","format-standard","has-post-thumbnail","hentry","category-pan","category-partidos-politicos","category-politica"],"amp_enabled":true,"_links":{"self":[{"href":"https:\/\/labestiapolitica.com.mx\/index.php?rest_route=\/wp\/v2\/posts\/84827","targetHints":{"allow":["GET"]}}],"collection":[{"href":"https:\/\/labestiapolitica.com.mx\/index.php?rest_route=\/wp\/v2\/posts"}],"about":[{"href":"https:\/\/labestiapolitica.com.mx\/index.php?rest_route=\/wp\/v2\/types\/post"}],"author":[{"embeddable":true,"href":"https:\/\/labestiapolitica.com.mx\/index.php?rest_route=\/wp\/v2\/users\/5"}],"replies":[{"embeddable":true,"href":"https:\/\/labestiapolitica.com.mx\/index.php?rest_route=%2Fwp%2Fv2%2Fcomments&post=84827"}],"version-history":[{"count":1,"href":"https:\/\/labestiapolitica.com.mx\/index.php?rest_route=\/wp\/v2\/posts\/84827\/revisions"}],"predecessor-version":[{"id":84829,"href":"https:\/\/labestiapolitica.com.mx\/index.php?rest_route=\/wp\/v2\/posts\/84827\/revisions\/84829"}],"wp:featuredmedia":[{"embeddable":true,"href":"https:\/\/labestiapolitica.com.mx\/index.php?rest_route=\/wp\/v2\/media\/84828"}],"wp:attachment":[{"href":"https:\/\/labestiapolitica.com.mx\/index.php?rest_route=%2Fwp%2Fv2%2Fmedia&parent=84827"}],"wp:term":[{"taxonomy":"category","embeddable":true,"href":"https:\/\/labestiapolitica.com.mx\/index.php?rest_route=%2Fwp%2Fv2%2Fcategories&post=84827"},{"taxonomy":"post_tag","embeddable":true,"href":"https:\/\/labestiapolitica.com.mx\/index.php?rest_route=%2Fwp%2Fv2%2Ftags&post=84827"}],"curies":[{"name":"wp","href":"https:\/\/api.w.org\/{rel}","templated":true}]}}