{"id":84830,"date":"2026-09-05T16:58:51","date_gmt":"2026-09-05T22:58:51","guid":{"rendered":"https:\/\/labestiapolitica.com.mx\/?p=84830"},"modified":"2026-09-05T16:58:51","modified_gmt":"2026-09-05T22:58:51","slug":"ayuntamiento-de-panotla-invita-a-la-vaque-run-2026-como-parte-de-los-festejos-patrios","status":"publish","type":"post","link":"https:\/\/labestiapolitica.com.mx\/?p=84830","title":{"rendered":"Ayuntamiento de Panotla invita a la Vaque Run 2026 como parte de los festejos patrios."},"content":{"rendered":"<p style=\"text-align: justify;\">Como parte de los Festejos Patrios 2026, el Ayuntamiento de Panotla, que encabeza el presidente municipal Idelfonso Carro Rold\u00e1n, invita a ni\u00f1as, ni\u00f1os, j\u00f3venes y familias en general a participar en la Vaque Run 2026, un evento recreativo y familiar pensado para convivir, activarse y celebrar juntos el orgullo de ser mexicanos.<\/p>\n<p style=\"text-align: justify;\">La Vaque Run 2026 se llevar\u00e1 a cabo el pr\u00f3ximo viernes 18 de septiembre, con salida a las 17:30 horas desde la Presidencia Municipal de Panotla, en una ruta de 3 kil\u00f3metros, acompa\u00f1ada de banda en vivo para disfrutar de una tarde llena de alegr\u00eda y sana convivencia.<\/p>\n<p style=\"text-align: justify;\">El evento ser\u00e1 totalmente gratuito y abierto al p\u00fablico en general, por lo que todas las familias est\u00e1n invitadas a sumarse, promoviendo la actividad f\u00edsica, la convivencia y el fortalecimiento de los lazos comunitarios.<\/p>\n<p style=\"text-align: justify;\">El presidente municipal Idelfonso Carro Rold\u00e1n destac\u00f3 que los Festejos Patrios representan tambi\u00e9n una oportunidad para generar espacios de encuentro y diversi\u00f3n para las familias panotlenses, especialmente para ni\u00f1as, ni\u00f1os y j\u00f3venes.<\/p>\n<p style=\"text-align: justify;\">Con la Vaque Run 2026, el Ayuntamiento de Panotla contin\u00faa impulsando actividades recreativas que permitan a la ciudadan\u00eda disfrutar de nuestras tradiciones y celebrar con orgullo estas fechas.<\/p>\n<p style=\"text-align: justify;\">\u00a1Corre, divi\u00e9rtete y vive nuestras Fiestas Patrias!<\/p>\n","protected":false},"excerpt":{"rendered":"<p>Como parte de los Festejos Patrios 2026, el Ayuntamiento de Panotla, que encabeza el presidente municipal Idelfonso Carro Rold\u00e1n, invita a ni\u00f1as, ni\u00f1os, j\u00f3venes y familias en general a participar en la Vaque Run 2026, un evento recreativo y familiar pensado para convivir, activarse y celebrar juntos el orgullo de ser mexicanos. La Vaque Run [&hellip;]<\/p>\n","protected":false},"author":5,"featured_media":84831,"comment_status":"open","ping_status":"open","sticky":false,"template":"","format":"standard","meta":{"footnotes":""},"categories":[216,237],"tags":[],"class_list":["post-84830","post","type-post","status-publish","format-standard","has-post-thumbnail","hentry","category-municipios","category-panotla"],"amp_enabled":true,"_links":{"self":[{"href":"https:\/\/labestiapolitica.com.mx\/index.php?rest_route=\/wp\/v2\/posts\/84830","targetHints":{"allow":["GET"]}}],"collection":[{"href":"https:\/\/labestiapolitica.com.mx\/index.php?rest_route=\/wp\/v2\/posts"}],"about":[{"href":"https:\/\/labestiapolitica.com.mx\/index.php?rest_route=\/wp\/v2\/types\/post"}],"author":[{"embeddable":true,"href":"https:\/\/labestiapolitica.com.mx\/index.php?rest_route=\/wp\/v2\/users\/5"}],"replies":[{"embeddable":true,"href":"https:\/\/labestiapolitica.com.mx\/index.php?rest_route=%2Fwp%2Fv2%2Fcomments&post=84830"}],"version-history":[{"count":1,"href":"https:\/\/labestiapolitica.com.mx\/index.php?rest_route=\/wp\/v2\/posts\/84830\/revisions"}],"predecessor-version":[{"id":84832,"href":"https:\/\/labestiapolitica.com.mx\/index.php?rest_route=\/wp\/v2\/posts\/84830\/revisions\/84832"}],"wp:featuredmedia":[{"embeddable":true,"href":"https:\/\/labestiapolitica.com.mx\/index.php?rest_route=\/wp\/v2\/media\/84831"}],"wp:attachment":[{"href":"https:\/\/labestiapolitica.com.mx\/index.php?rest_route=%2Fwp%2Fv2%2Fmedia&parent=84830"}],"wp:term":[{"taxonomy":"category","embeddable":true,"href":"https:\/\/labestiapolitica.com.mx\/index.php?rest_route=%2Fwp%2Fv2%2Fcategories&post=84830"},{"taxonomy":"post_tag","embeddable":true,"href":"https:\/\/labestiapolitica.com.mx\/index.php?rest_route=%2Fwp%2Fv2%2Ftags&post=84830"}],"curies":[{"name":"wp","href":"https:\/\/api.w.org\/{rel}","templated":true}]}}