{"id":84836,"date":"2026-09-05T20:22:57","date_gmt":"2026-09-06T02:22:57","guid":{"rendered":"https:\/\/labestiapolitica.com.mx\/?p=84836"},"modified":"2026-09-05T20:22:57","modified_gmt":"2026-09-06T02:22:57","slug":"blanca-angulo-encabeza-honores-a-la-bandera-en-plaza-de-la-constitucion-2","status":"publish","type":"post","link":"https:\/\/labestiapolitica.com.mx\/?p=84836","title":{"rendered":"Blanca Angulo encabeza honores a la Bandera en Plaza de la Constituci\u00f3n."},"content":{"rendered":"<p style=\"text-align: justify;\">En el marco de las actividades c\u00edvicas del mes patrio, el Ayuntamiento de Chiautempan particip\u00f3 en el izamiento y ceremonia de honores a la Bandera en la Plaza de la Constituci\u00f3n, acto organizado como parte de las actividades impulsadas por el Gobierno del Estado.<\/p>\n<p style=\"text-align: justify;\">La ceremonia estuvo encabezada por la presidenta municipal, Blanca Angulo Meneses, quien estuvo acompa\u00f1ada por presidentes de comunidad, integrantes del Cabildo y personal del Ayuntamiento, quienes participaron en este acto con respeto y solemnidad.<\/p>\n<p style=\"text-align: justify;\">Durante su intervenci\u00f3n, la alcaldesa destac\u00f3 que las ceremonias c\u00edvicas representan una oportunidad para fortalecer la identidad y el sentido de pertenencia, adem\u00e1s de transmitir a las nuevas generaciones el respeto por los s\u00edmbolos que forman parte de la historia de nuestro pa\u00eds.<\/p>\n<p style=\"text-align: justify;\">Se\u00f1al\u00f3 que conmemorar a M\u00e9xico tambi\u00e9n significa reconocer nuestras ra\u00edces y valorar aquello que nos identifica como mexicanos, tlaxcaltecas y chiautempenses. En este sentido, resalt\u00f3 la importancia de mantener vivas las tradiciones y generar espacios que fortalezcan la unidad y la convivencia entre la ciudadan\u00eda.<\/p>\n<p style=\"text-align: justify;\">Blanca Angulo enfatiz\u00f3 que el orgullo por la patria se expresa todos los d\u00edas mediante el respeto, la responsabilidad y el compromiso con la comunidad, por lo que invit\u00f3 a las familias chiautempenses a participar en las actividades que se desarrollar\u00e1n durante este mes patrio.<\/p>\n<p style=\"text-align: justify;\">Con este acto, el Gobierno Municipal refrenda su compromiso con el fortalecimiento de los valores c\u00edvicos, el respeto a los s\u00edmbolos patrios y la preservaci\u00f3n de las tradiciones que forman parte de la identidad de Chiautempan.<\/p>\n","protected":false},"excerpt":{"rendered":"<p>En el marco de las actividades c\u00edvicas del mes patrio, el Ayuntamiento de Chiautempan particip\u00f3 en el izamiento y ceremonia de honores a la Bandera en la Plaza de la Constituci\u00f3n, acto organizado como parte de las actividades impulsadas por el Gobierno del Estado. La ceremonia estuvo encabezada por la presidenta municipal, Blanca Angulo Meneses, [&hellip;]<\/p>\n","protected":false},"author":5,"featured_media":84837,"comment_status":"open","ping_status":"open","sticky":false,"template":"","format":"standard","meta":{"footnotes":""},"categories":[215,216],"tags":[],"class_list":["post-84836","post","type-post","status-publish","format-standard","has-post-thumbnail","hentry","category-chiautempan","category-municipios"],"amp_enabled":true,"_links":{"self":[{"href":"https:\/\/labestiapolitica.com.mx\/index.php?rest_route=\/wp\/v2\/posts\/84836","targetHints":{"allow":["GET"]}}],"collection":[{"href":"https:\/\/labestiapolitica.com.mx\/index.php?rest_route=\/wp\/v2\/posts"}],"about":[{"href":"https:\/\/labestiapolitica.com.mx\/index.php?rest_route=\/wp\/v2\/types\/post"}],"author":[{"embeddable":true,"href":"https:\/\/labestiapolitica.com.mx\/index.php?rest_route=\/wp\/v2\/users\/5"}],"replies":[{"embeddable":true,"href":"https:\/\/labestiapolitica.com.mx\/index.php?rest_route=%2Fwp%2Fv2%2Fcomments&post=84836"}],"version-history":[{"count":1,"href":"https:\/\/labestiapolitica.com.mx\/index.php?rest_route=\/wp\/v2\/posts\/84836\/revisions"}],"predecessor-version":[{"id":84838,"href":"https:\/\/labestiapolitica.com.mx\/index.php?rest_route=\/wp\/v2\/posts\/84836\/revisions\/84838"}],"wp:featuredmedia":[{"embeddable":true,"href":"https:\/\/labestiapolitica.com.mx\/index.php?rest_route=\/wp\/v2\/media\/84837"}],"wp:attachment":[{"href":"https:\/\/labestiapolitica.com.mx\/index.php?rest_route=%2Fwp%2Fv2%2Fmedia&parent=84836"}],"wp:term":[{"taxonomy":"category","embeddable":true,"href":"https:\/\/labestiapolitica.com.mx\/index.php?rest_route=%2Fwp%2Fv2%2Fcategories&post=84836"},{"taxonomy":"post_tag","embeddable":true,"href":"https:\/\/labestiapolitica.com.mx\/index.php?rest_route=%2Fwp%2Fv2%2Ftags&post=84836"}],"curies":[{"name":"wp","href":"https:\/\/api.w.org\/{rel}","templated":true}]}}