{"id":84842,"date":"2026-09-05T23:09:27","date_gmt":"2026-09-06T05:09:27","guid":{"rendered":"https:\/\/labestiapolitica.com.mx\/?p=84842"},"modified":"2026-09-05T23:09:27","modified_gmt":"2026-09-06T05:09:27","slug":"fernanda-valladares-es-coronada-reina-de-tlaxcala-la-feria-de-ferias-2026","status":"publish","type":"post","link":"https:\/\/labestiapolitica.com.mx\/?p=84842","title":{"rendered":"Fernanda Valladares es coronada reina de \u201cTlaxcala, la Feria de Ferias 2026\u201d."},"content":{"rendered":"<ul>\n<li style=\"text-align: justify;\">La presidenta del Patronato resalto que cada una de ellas lleg\u00f3 con una historia que pertenece a su familia, a su comunidad, a sus tradiciones y a la tierra que hoy tienen el orgullo de representar.<\/li>\n<\/ul>\n<p style=\"text-align: justify;\">En el marco de los preparativos para la m\u00e1xima fiesta de los tlaxcaltecas, Lucia Fernanda Valladares Ilhucatzin, originaria del municipio de San Pablo Apetatitl\u00e1n fue elegida como la nueva Reina de \u201cTlaxcala, La Feria de Ferias 2026\u201d, tras culminar el certamen de la Flor Tlaxcalteca celebrado en el Teatro Xicoht\u00e9ncatl.<\/p>\n<p style=\"text-align: justify;\">Durante el evento, en el que compitieron 12 j\u00f3venes de diversas demarcaciones, tambi\u00e9n se coron\u00f3 a Alejandra Casas Vazquez de Yauhquemehcan y Natalia Casta\u00f1\u00f3n Hern\u00e1ndez de Tlaxcala capital como princesas de \u00abTlaxcala, la Feria de Feria 2026\u00bb.<\/p>\n<p style=\"text-align: justify;\">Al dirigir su mensaje, la presidenta del Patronato para las Exposiciones y Ferias de Tlaxcala, Rosa Elena Nava Garc\u00eda M\u00e9ndez, se\u00f1al\u00f3 que el certamen representa un espacio de reconocimiento al talento, la inteligencia y la voz de las mujeres tlaxcaltecas.<\/p>\n<p style=\"text-align: justify;\">\u00abA ustedes, j\u00f3venes, les deseo que disfruten cada instante, que vivan esta experiencia con alegr\u00eda, con seguridad y con la certeza de que, desde hoy, ya est\u00e1n dejando una huella en la historia de La Flor Tlaxcalteca\u00bb.<\/p>\n<p style=\"text-align: justify;\">Nava Garc\u00eda M\u00e9ndez reiter\u00f3 la invitaci\u00f3n a la poblaci\u00f3n local y visitantes a sumarse a las actividades programadas en \u00abTlaxcala, la Feria de Ferias 2026\u00bb la cual se llevar\u00e1 a cabo del 22 de octubre al 16 de noviembre.<\/p>\n<p style=\"text-align: justify;\">Al certamen asistieron, Gloria Elena Candia, Flor Tlaxcalteca 1966 y Lucrecia Dorantes Garc\u00eda, Flor Tlaxcalteca 1965.<\/p>\n<p style=\"text-align: justify;\">Dos mujeres que llevaron este t\u00edtulo y que hoy entregaron simb\u00f3licamente el legado de generaciones a la nueva Flor Tlaxcalteca.<\/p>\n","protected":false},"excerpt":{"rendered":"<p>La presidenta del Patronato resalto que cada una de ellas lleg\u00f3 con una historia que pertenece a su familia, a su comunidad, a sus tradiciones y a la tierra que hoy tienen el orgullo de representar. En el marco de los preparativos para la m\u00e1xima fiesta de los tlaxcaltecas, Lucia Fernanda Valladares Ilhucatzin, originaria del [&hellip;]<\/p>\n","protected":false},"author":5,"featured_media":84843,"comment_status":"open","ping_status":"open","sticky":false,"template":"","format":"standard","meta":{"footnotes":""},"categories":[7,312],"tags":[],"class_list":["post-84842","post","type-post","status-publish","format-standard","has-post-thumbnail","hentry","category-ciudadanos","category-cultura"],"amp_enabled":true,"_links":{"self":[{"href":"https:\/\/labestiapolitica.com.mx\/index.php?rest_route=\/wp\/v2\/posts\/84842","targetHints":{"allow":["GET"]}}],"collection":[{"href":"https:\/\/labestiapolitica.com.mx\/index.php?rest_route=\/wp\/v2\/posts"}],"about":[{"href":"https:\/\/labestiapolitica.com.mx\/index.php?rest_route=\/wp\/v2\/types\/post"}],"author":[{"embeddable":true,"href":"https:\/\/labestiapolitica.com.mx\/index.php?rest_route=\/wp\/v2\/users\/5"}],"replies":[{"embeddable":true,"href":"https:\/\/labestiapolitica.com.mx\/index.php?rest_route=%2Fwp%2Fv2%2Fcomments&post=84842"}],"version-history":[{"count":1,"href":"https:\/\/labestiapolitica.com.mx\/index.php?rest_route=\/wp\/v2\/posts\/84842\/revisions"}],"predecessor-version":[{"id":84844,"href":"https:\/\/labestiapolitica.com.mx\/index.php?rest_route=\/wp\/v2\/posts\/84842\/revisions\/84844"}],"wp:featuredmedia":[{"embeddable":true,"href":"https:\/\/labestiapolitica.com.mx\/index.php?rest_route=\/wp\/v2\/media\/84843"}],"wp:attachment":[{"href":"https:\/\/labestiapolitica.com.mx\/index.php?rest_route=%2Fwp%2Fv2%2Fmedia&parent=84842"}],"wp:term":[{"taxonomy":"category","embeddable":true,"href":"https:\/\/labestiapolitica.com.mx\/index.php?rest_route=%2Fwp%2Fv2%2Fcategories&post=84842"},{"taxonomy":"post_tag","embeddable":true,"href":"https:\/\/labestiapolitica.com.mx\/index.php?rest_route=%2Fwp%2Fv2%2Ftags&post=84842"}],"curies":[{"name":"wp","href":"https:\/\/api.w.org\/{rel}","templated":true}]}}