{"id":84845,"date":"2026-09-05T23:25:07","date_gmt":"2026-09-06T05:25:07","guid":{"rendered":"https:\/\/labestiapolitica.com.mx\/?p=84845"},"modified":"2026-09-05T23:25:15","modified_gmt":"2026-09-06T05:25:15","slug":"tlaxcala-capital-destaca-en-el-primer-encuentro-nacional-de-hermanamiento-cultural-originaria-2026","status":"publish","type":"post","link":"https:\/\/labestiapolitica.com.mx\/?p=84845","title":{"rendered":"Tlaxcala Capital destaca en el primer Encuentro Nacional de Hermanamiento Cultural Originaria 2026."},"content":{"rendered":"<p style=\"text-align: justify;\">Con una muestra de sus tradiciones, artesan\u00edas y expresiones culturales, Tlaxcala Capital estuvo presente en el Primer Encuentro Nacional de Hermanamiento Cultural Originaria 2026, realizado en el Centro Hist\u00f3rico de Puebla, donde el presidente municipal, Carlos L\u00f3pez Su\u00e1rez, encabez\u00f3 la representaci\u00f3n de la capital tlaxcalteca en este espacio de intercambio entre pueblos y comunidades.<\/p>\n<p style=\"text-align: justify;\">En el marco del D\u00eda Internacional de las Mujeres Ind\u00edgenas, representantes de distintas entidades participaron en esta jornada dedicada al reconocimiento de la diversidad cultural y al fortalecimiento de los v\u00ednculos de colaboraci\u00f3n. En el encuentro estuvieron presentes autoridades municipales y representantes de los sectores cultural y tur\u00edstico de Tlaxcala, Puebla y Oaxaca, quienes compartieron tradiciones, saberes y expresiones que forman parte de la identidad de sus comunidades.<\/p>\n<p style=\"text-align: justify;\">Tlaxcala Capital tuvo una participaci\u00f3n activa mediante la presencia del alcalde Carlos L\u00f3pez Su\u00e1rez y de Jes\u00fas Fragoso, jefe de Turismo Municipal, adem\u00e1s de una muestra artesanal instalada en un stand, donde se exhibieron piezas elaboradas en barro y madera, como muestra del talento y trabajo de las artesanas y artesanos de la capital.<\/p>\n<p style=\"text-align: justify;\">La riqueza cultural de Tlaxcala tambi\u00e9n estuvo representada a trav\u00e9s de la camada Quetzalzin, originaria de Chiautempan, que present\u00f3 una muestra de las expresiones tradicionales del carnaval tlaxcalteca. Esta agrupaci\u00f3n cuenta con una trayectoria reconocida en la entidad y ha destacado en concursos estatales de camadas.<\/p>\n<p style=\"text-align: justify;\">La presencia de la secretaria de Cultura de Tlaxcala, Karen \u00c1lvarez Villeda, as\u00ed como de representantes de otras entidades, fortaleci\u00f3 este espacio de encuentro y colaboraci\u00f3n, en el que la cultura originaria fue reconocida como un elemento vivo que preserva la memoria, identidad y riqueza de los pueblos.<\/p>\n<p style=\"text-align: justify;\">Con esta participaci\u00f3n, el Ayuntamiento de Tlaxcala refrenda su compromiso con la promoci\u00f3n de las tradiciones, el impulso al trabajo artesanal y la generaci\u00f3n de v\u00ednculos que permitan proyectar la riqueza cultural de Tlaxcala Capital a nivel regional y nacional.<\/p>\n","protected":false},"excerpt":{"rendered":"<p>Con una muestra de sus tradiciones, artesan\u00edas y expresiones culturales, Tlaxcala Capital estuvo presente en el Primer Encuentro Nacional de Hermanamiento Cultural Originaria 2026, realizado en el Centro Hist\u00f3rico de Puebla, donde el presidente municipal, Carlos L\u00f3pez Su\u00e1rez, encabez\u00f3 la representaci\u00f3n de la capital tlaxcalteca en este espacio de intercambio entre pueblos y comunidades. En [&hellip;]<\/p>\n","protected":false},"author":5,"featured_media":84846,"comment_status":"open","ping_status":"open","sticky":false,"template":"","format":"standard","meta":{"footnotes":""},"categories":[216,214],"tags":[],"class_list":["post-84845","post","type-post","status-publish","format-standard","has-post-thumbnail","hentry","category-municipios","category-tlaxcala-capital"],"amp_enabled":true,"_links":{"self":[{"href":"https:\/\/labestiapolitica.com.mx\/index.php?rest_route=\/wp\/v2\/posts\/84845","targetHints":{"allow":["GET"]}}],"collection":[{"href":"https:\/\/labestiapolitica.com.mx\/index.php?rest_route=\/wp\/v2\/posts"}],"about":[{"href":"https:\/\/labestiapolitica.com.mx\/index.php?rest_route=\/wp\/v2\/types\/post"}],"author":[{"embeddable":true,"href":"https:\/\/labestiapolitica.com.mx\/index.php?rest_route=\/wp\/v2\/users\/5"}],"replies":[{"embeddable":true,"href":"https:\/\/labestiapolitica.com.mx\/index.php?rest_route=%2Fwp%2Fv2%2Fcomments&post=84845"}],"version-history":[{"count":1,"href":"https:\/\/labestiapolitica.com.mx\/index.php?rest_route=\/wp\/v2\/posts\/84845\/revisions"}],"predecessor-version":[{"id":84847,"href":"https:\/\/labestiapolitica.com.mx\/index.php?rest_route=\/wp\/v2\/posts\/84845\/revisions\/84847"}],"wp:featuredmedia":[{"embeddable":true,"href":"https:\/\/labestiapolitica.com.mx\/index.php?rest_route=\/wp\/v2\/media\/84846"}],"wp:attachment":[{"href":"https:\/\/labestiapolitica.com.mx\/index.php?rest_route=%2Fwp%2Fv2%2Fmedia&parent=84845"}],"wp:term":[{"taxonomy":"category","embeddable":true,"href":"https:\/\/labestiapolitica.com.mx\/index.php?rest_route=%2Fwp%2Fv2%2Fcategories&post=84845"},{"taxonomy":"post_tag","embeddable":true,"href":"https:\/\/labestiapolitica.com.mx\/index.php?rest_route=%2Fwp%2Fv2%2Ftags&post=84845"}],"curies":[{"name":"wp","href":"https:\/\/api.w.org\/{rel}","templated":true}]}}