{"id":84849,"date":"2026-09-05T23:28:55","date_gmt":"2026-09-06T05:28:55","guid":{"rendered":"https:\/\/labestiapolitica.com.mx\/?p=84849"},"modified":"2026-09-05T23:28:55","modified_gmt":"2026-09-06T05:28:55","slug":"fiscalia-de-justicia-del-estado-asegura-inmueble-que-la-policia-municipal-de-tlaxcala-habia-identificado-y-vigilaba-desde-meses-atras","status":"publish","type":"post","link":"https:\/\/labestiapolitica.com.mx\/?p=84849","title":{"rendered":"Fiscal\u00eda de Justicia del Estado asegura inmueble que la Polic\u00eda Municipal de Tlaxcala hab\u00eda identificado y vigilaba desde meses atr\u00e1s."},"content":{"rendered":"<p style=\"text-align: justify;\">Un inmueble ubicado en la comunidad de San Esteban Tizatl\u00e1n, previamente identificado y vigilado desde hace meses de forma preventiva por elementos de la Direcci\u00f3n de Seguridad, Protecci\u00f3n Ciudadana y Movilidad del Municipio de Tlaxcala fue asegurado este fin de semana por la Fiscal\u00eda General de Justicia del Estado (FGJE), lugar donde se encontraron un veh\u00edculo, tres motocicletas desvalijadas y diversas piezas automotrices.<\/p>\n<p style=\"text-align: justify;\">Dicho inmueble se encuentra en Privada R\u00edo Zahuapan, en la colonia Zeranotla, y qued\u00f3 bajo custodia de elementos de la Polic\u00eda Municipal de Tlaxcala, en cumplimiento de un oficio emitido por la Fiscal\u00eda Especializada en Investigaci\u00f3n y Combate al Delito de Robo de Veh\u00edculos y Relacionados con la Seguridad Vial.<\/p>\n<p style=\"text-align: justify;\">El aseguramiento deriva de una puesta a disposici\u00f3n realizada por elementos de la Polic\u00eda de Investigaci\u00f3n y de la relaci\u00f3n del inmueble con una carpeta de investigaci\u00f3n. Como parte de la intervenci\u00f3n, personal de la Fiscal\u00eda realiz\u00f3 las diligencias correspondientes y coloc\u00f3 los sellos oficiales con la leyenda \u201cINMUEBLE ASEGURADO\u201d.<\/p>\n<p style=\"text-align: justify;\">Los elementos municipales han mantenido vigilancia permanente del inmueble para impedir el ingreso o salida de personas y preservar el lugar conforme a las disposiciones de la autoridad ministerial. Asimismo, permanecen atentos para informar de inmediato cualquier eventualidad y contribuir al desarrollo de las diligencias correspondientes.<\/p>\n<p style=\"text-align: justify;\">De esta manera, la Direcci\u00f3n de Seguridad, Protecci\u00f3n Ciudadana y Movilidad del Municipio de Tlaxcala trabaja de manera coordinada con la Fiscal\u00eda General de Justicia del Estado, al atender los requerimientos con presencia preventiva, apego a los protocolos y respeto al marco legal.<\/p>\n","protected":false},"excerpt":{"rendered":"<p>Un inmueble ubicado en la comunidad de San Esteban Tizatl\u00e1n, previamente identificado y vigilado desde hace meses de forma preventiva por elementos de la Direcci\u00f3n de Seguridad, Protecci\u00f3n Ciudadana y Movilidad del Municipio de Tlaxcala fue asegurado este fin de semana por la Fiscal\u00eda General de Justicia del Estado (FGJE), lugar donde se encontraron un [&hellip;]<\/p>\n","protected":false},"author":5,"featured_media":84850,"comment_status":"open","ping_status":"open","sticky":false,"template":"","format":"standard","meta":{"footnotes":""},"categories":[216,214],"tags":[],"class_list":["post-84849","post","type-post","status-publish","format-standard","has-post-thumbnail","hentry","category-municipios","category-tlaxcala-capital"],"amp_enabled":true,"_links":{"self":[{"href":"https:\/\/labestiapolitica.com.mx\/index.php?rest_route=\/wp\/v2\/posts\/84849","targetHints":{"allow":["GET"]}}],"collection":[{"href":"https:\/\/labestiapolitica.com.mx\/index.php?rest_route=\/wp\/v2\/posts"}],"about":[{"href":"https:\/\/labestiapolitica.com.mx\/index.php?rest_route=\/wp\/v2\/types\/post"}],"author":[{"embeddable":true,"href":"https:\/\/labestiapolitica.com.mx\/index.php?rest_route=\/wp\/v2\/users\/5"}],"replies":[{"embeddable":true,"href":"https:\/\/labestiapolitica.com.mx\/index.php?rest_route=%2Fwp%2Fv2%2Fcomments&post=84849"}],"version-history":[{"count":1,"href":"https:\/\/labestiapolitica.com.mx\/index.php?rest_route=\/wp\/v2\/posts\/84849\/revisions"}],"predecessor-version":[{"id":84851,"href":"https:\/\/labestiapolitica.com.mx\/index.php?rest_route=\/wp\/v2\/posts\/84849\/revisions\/84851"}],"wp:featuredmedia":[{"embeddable":true,"href":"https:\/\/labestiapolitica.com.mx\/index.php?rest_route=\/wp\/v2\/media\/84850"}],"wp:attachment":[{"href":"https:\/\/labestiapolitica.com.mx\/index.php?rest_route=%2Fwp%2Fv2%2Fmedia&parent=84849"}],"wp:term":[{"taxonomy":"category","embeddable":true,"href":"https:\/\/labestiapolitica.com.mx\/index.php?rest_route=%2Fwp%2Fv2%2Fcategories&post=84849"},{"taxonomy":"post_tag","embeddable":true,"href":"https:\/\/labestiapolitica.com.mx\/index.php?rest_route=%2Fwp%2Fv2%2Ftags&post=84849"}],"curies":[{"name":"wp","href":"https:\/\/api.w.org\/{rel}","templated":true}]}}